{"id":4154,"date":"2023-10-24T10:43:00","date_gmt":"2023-10-24T08:43:00","guid":{"rendered":"https:\/\/www.gemsnk.de\/?p=4154"},"modified":"2023-10-27T02:15:33","modified_gmt":"2023-10-27T00:15:33","slug":"die-container-heissen-jetzt-schulbungalows","status":"publish","type":"post","link":"https:\/\/www.gemsnk.de\/?p=4154","title":{"rendered":"Die Container hei\u00dfen jetzt &#8222;Schulbungalows&#8220;"},"content":{"rendered":"\n<p>Von Elke Jacobi Neunkirchen <\/p>\n\n\n\n<p>Not macht bekannterma\u00dfen erfinderisch. Dass eine solche Notl\u00f6sung aber nicht immer der Weg zum Schlechteren sein muss, das zeigt die Gemeinschaftsschule Neunkirchen Stadtmitte. Die alte\u00a0<a rel=\"noreferrer noopener\" href=\"https:\/\/www.saarbruecker-zeitung.de\/app\/consent\/?ref=https%3A%2F%2Fwww.saarbruecker-zeitung.de%2Fsaarland%2Fneunkirchen%2Fneunkirchen%2Fumzug-und-neubau-der-gemeinschaftsschule-stadtmitte-neunkirchen_aid-57289419\" target=\"_blank\">Schule<\/a>\u00a0in der Lutherstra\u00dfe ist mittlerweile abgerissen. Hier kommt ein nigelnagelneuer\u00a0<a rel=\"noreferrer noopener\" href=\"https:\/\/www.saarbruecker-zeitung.de\/app\/consent\/?ref=https%3A%2F%2Fwww.saarbruecker-zeitung.de%2Fsaarland%2Fneunkirchen%2Fbaubeginn-der-gemeinschaftsschule-neunkirchen-stadtmitte_aid-98261043\" target=\"_blank\">Schulbau<\/a>\u00a0hin. Und bis der \u2013 aller Voraussicht nach 2025 \u2013 fertig ist, findet der Unterricht f\u00fcr die 330 Sch\u00fcler an der Ausweichschule des Landkreises in Wiebelskirchen, Freiherr-vom-Stein-Stra\u00dfe, statt. <\/p>\n\n\n\n<p>Das ist f\u00fcr die Gemeinschaftsschule nichts g\u00e4nzlich Neues, waren doch einige Klassen immer schon hier untergebracht. Als Klepper Rektor wurde, waren die F\u00fcnfer- und Sechser-Klassen hier, er hat sich dann daf\u00fcr entschieden, die Siebener hierher auszulagern. Ein Jahr lang war das so, dann kamen im Rahmen des Umzugs aus dem alten Schulgeb\u00e4ude in der Lutherstra\u00dfe die H\u00e4lfte der Sch\u00fcler her: Die Achter-, Neuner- und Zehner-Klassen. Der Rest folgte. Ansonsten sind, so erz\u00e4hlt Rektor Michael Klepper, beim SZ-Besuch, an der ehemaligen Realschule bereits die Grundsch\u00fcler der Schule am Stadtpark w\u00e4hrend deren Schulumbaus hier in der ehemaligen Realschule unterrichtet worden und auch die F\u00f6rderschule Lernen w\u00e4hrend Umbauma\u00dfnahmen an ihrer Schule.<\/p>\n\n\n\n<figure class=\"wp-block-image\" id=\"park-figure-1329165603\"><a href=\"https:\/\/www.saarbruecker-zeitung.de\/imgs\/03\/1\/8\/2\/3\/0\/8\/4\/9\/3\/tok_4a2f78d05d9d6c800f3fdd23ef60cc2a\/w1900_h1425_x1033_y183_IMG_6402-996646c364fd0132.JPG\"><img decoding=\"async\" src=\"https:\/\/www.saarbruecker-zeitung.de\/imgs\/03\/1\/8\/2\/3\/0\/8\/4\/9\/3\/tok_49ca31f3254985c251d177834c417246\/w2100_h1313_x1033_y183_IMG_6402-996646c364fd0132.JPG\" alt=\"Gemeinschaftsschule Neunkirchen Stadtmitte im Container-Unterricht\"\/><\/a><figcaption class=\"wp-element-caption\">Foto: Elke Jacobi<\/figcaption><\/figure>\n\n\n\n<h2 class=\"wp-block-heading\">Container kamen in Einzelteilen<\/h2>\n\n\n\n<p>Weil die Klassenr\u00e4ume f\u00fcr die 330 Jungen und M\u00e4dchen der Gemeinschaftsschule nicht ausreichen, ist ein Teil von ihnen in Containern untergebracht. Die drei Neuner-Klassen werden hier unterrichtet. \u201eImmer die Neunerklassen\u201c, sagt Klepper, der auch aufkl\u00e4rt: \u201eDas hei\u00dft nicht mehr Container, das hei\u00dft inzwischen Schulbungalow.\u201c Und der Rektor mag die R\u00e4ume. Von au\u00dfen und innen wei\u00df, haben sie gegen\u00fcber dem alten Schulgeb\u00e4ude einige Vorteile. Da ist zum einen die Akkustik. Durch die so genannten Odenwald-Decken wird das H\u00f6ren einfacher und klarer, ist kein Stimmengewirr wie in den alten R\u00e4umen gegen\u00fcber. \u201eEin Unterschied wie Tag und Nacht.\u201c Das ist vor allem wichtig f\u00fcr die Kinder, die Probleme mit dem H\u00f6ren haben. \u201eDie sind in den alten Klassenr\u00e4umen verloren.\u201c Und hell sind die R\u00e4ume, die Fensterreihen an beiden Seiten bieten verschiedenste Schatten- und L\u00fcftungsm\u00f6glichkeiten. F\u00fcr Ordnung sorgen Kallax-Regale, in denen die Sch\u00fcler ihre Ordner f\u00fcr alle Hauptf\u00e4cher stehen haben. \u201eEs gibt ja keine Hausarbeiten mehr, die Kinder machen alles in der Schule\u201c, erkl\u00e4rt Klepper.<\/p>\n\n\n\n<p>Jeweils 25 Sch\u00fcler pro Klasse werden hier errichtet. Und die finden die Container, oder Bungalows, auch super, wei\u00df der Rektor. Was er noch sch\u00e4tzt: Die gute D\u00e4mmung. Die sorgt daf\u00fcr, dass es im Winter warm und im Sommer nicht zu hei\u00df ist. Dass diese D\u00e4mmarbeiten erst vor Ort erfolgen, dass musste Klepper damals auch aktuell erfahren. Denn die Container waren beim Umzug zwar da, aber in Einzelteilen. \u201eDa fand dann ein richtiger Innenausbau statt, Trockenbau eben, wie in normalen R\u00e4umen auch.\u201c So wurde es damals vor\u00fcbergehend etwas eng im gro\u00dfen Schulgeb\u00e4ude, bis alles fertig war. Zwei Monate musste man sich irgendwie behelfen. Essensraum, K\u00fcche \u2013 einfach alle R\u00e4ume wurden f\u00fcr den Unterricht benutzt, erinnert sich Klepper. \u201eAber wir haben es \u00fcberlebt.\u201c<\/p>\n\n\n\n<h2 class=\"wp-block-heading\">Container sind nur gemietet<\/h2>\n\n\n\n<p>Aus der Not eine Tugend machen, darin ist man an der Ausweichschule mittlerweile gew\u00f6hnt. Da der Schulhof nicht allzu gro\u00df ist, gibt es t\u00e4glich ein Pausenangebot: Basteln, Tanzen, Yoga, Chillen und und und. Das bieten \u00fcberwiegend die Lehrer selbst an, die Teilnahme kann je nach Lust und Laune bestimmt werden. Wenn 2025 die Gemeinschaftsschule Stadtmitte wieder zur\u00fcck nach Neunkirchen in ihr dann neues Schulgeb\u00e4ude zieht, dann wird sich vermutlich die Sch\u00fclerzahl auch erh\u00f6hen. \u201eWir k\u00f6nnten viel mehr als die 330 Sch\u00fcler haben, aber wir haben ja keinen Platz\u201c, sagt Klepper. Wobei er auch der Meinung ist: \u201eWir haben ein Riesenproblem in Neunkirchen. Alle Schulen sind voll bis zum Anschlag.\u201c Die Container werden, so vermutet Klepper, das Gel\u00e4nde in der Freiherr-vom-Stein-Schule m\u00f6glicherweise gemeinsam mit seinen Sch\u00fclern auch verlassen. Die sind n\u00e4mlich wohl nur gemietet. Es sei denn, sie werden auch f\u00fcr die Nachfolger noch gebraucht. Wer immer das dann sein mag. Quelle: Saarbr\u00fccker Zeitung: <a href=\"https:\/\/www.saarbruecker-zeitung.de\/saarland\/neunkirchen\/neunkirchen\/gemeinschaftsschule-neunkirchen-stadtmitte-im-container-unterricht_aid-100088271\">Gemeinschaftsschule Neunkirchen Stadtmitte im Container-Unterricht (saarbruecker-zeitung.de)<\/a><\/p>\n","protected":false},"excerpt":{"rendered":"<p>Von Elke Jacobi Neunkirchen Not macht bekannterma\u00dfen erfinderisch. Dass eine solche Notl\u00f6sung aber nicht immer der Weg zum Schlechteren sein muss, das zeigt die Gemeinschaftsschule Neunkirchen Stadtmitte. Die alte\u00a0Schule\u00a0in der&hellip;<\/p>\n","protected":false},"author":1,"featured_media":4155,"comment_status":"open","ping_status":"open","sticky":false,"template":"","format":"standard","meta":{"_EventAllDay":false,"_EventTimezone":"","_EventStartDate":"","_EventEndDate":"","_EventStartDateUTC":"","_EventEndDateUTC":"","_EventShowMap":false,"_EventShowMapLink":false,"_EventURL":"","_EventCost":"","_EventCostDescription":"","_EventCurrencySymbol":"","_EventCurrencyCode":"","_EventCurrencyPosition":"","_EventDateTimeSeparator":"","_EventTimeRangeSeparator":"","_EventOrganizerID":[],"_EventVenueID":[],"_OrganizerEmail":"","_OrganizerPhone":"","_OrganizerWebsite":"","_VenueAddress":"","_VenueCity":"","_VenueCountry":"","_VenueProvince":"","_VenueState":"","_VenueZip":"","_VenuePhone":"","_VenueURL":"","_VenueStateProvince":"","_VenueLat":"","_VenueLng":"","_VenueShowMap":false,"_VenueShowMapLink":false,"footnotes":""},"categories":[7],"tags":[],"class_list":["post-4154","post","type-post","status-publish","format-standard","has-post-thumbnail","hentry","category-news"],"gutentor_comment":1,"_links":{"self":[{"href":"https:\/\/www.gemsnk.de\/index.php?rest_route=\/wp\/v2\/posts\/4154","targetHints":{"allow":["GET"]}}],"collection":[{"href":"https:\/\/www.gemsnk.de\/index.php?rest_route=\/wp\/v2\/posts"}],"about":[{"href":"https:\/\/www.gemsnk.de\/index.php?rest_route=\/wp\/v2\/types\/post"}],"author":[{"embeddable":true,"href":"https:\/\/www.gemsnk.de\/index.php?rest_route=\/wp\/v2\/users\/1"}],"replies":[{"embeddable":true,"href":"https:\/\/www.gemsnk.de\/index.php?rest_route=%2Fwp%2Fv2%2Fcomments&post=4154"}],"version-history":[{"count":2,"href":"https:\/\/www.gemsnk.de\/index.php?rest_route=\/wp\/v2\/posts\/4154\/revisions"}],"predecessor-version":[{"id":4158,"href":"https:\/\/www.gemsnk.de\/index.php?rest_route=\/wp\/v2\/posts\/4154\/revisions\/4158"}],"wp:featuredmedia":[{"embeddable":true,"href":"https:\/\/www.gemsnk.de\/index.php?rest_route=\/wp\/v2\/media\/4155"}],"wp:attachment":[{"href":"https:\/\/www.gemsnk.de\/index.php?rest_route=%2Fwp%2Fv2%2Fmedia&parent=4154"}],"wp:term":[{"taxonomy":"category","embeddable":true,"href":"https:\/\/www.gemsnk.de\/index.php?rest_route=%2Fwp%2Fv2%2Fcategories&post=4154"},{"taxonomy":"post_tag","embeddable":true,"href":"https:\/\/www.gemsnk.de\/index.php?rest_route=%2Fwp%2Fv2%2Ftags&post=4154"}],"curies":[{"name":"wp","href":"https:\/\/api.w.org\/{rel}","templated":true}]}}