{"id":3774,"date":"2022-11-20T18:26:53","date_gmt":"2022-11-20T17:26:53","guid":{"rendered":"https:\/\/www.gemsnk.de\/?p=3774"},"modified":"2022-11-20T18:31:36","modified_gmt":"2022-11-20T17:31:36","slug":"pausenverkauf-an-der-gemeinschaftsschule-neunkirchen-stadtmitte-versorgt-schueler-und-lehrer","status":"publish","type":"post","link":"https:\/\/www.gemsnk.de\/?p=3774","title":{"rendered":"Pausenverkauf an der Gemeinschaftsschule Neunkirchen-Stadtmitte versorgt Sch\u00fcler und Lehrer"},"content":{"rendered":"\t\t<div data-elementor-type=\"wp-post\" data-elementor-id=\"3774\" class=\"elementor elementor-3774\">\n\t\t\t\t\t\t\t\t\t<section class=\"elementor-section elementor-top-section elementor-element elementor-element-1b77682 elementor-section-boxed elementor-section-height-default elementor-section-height-default\" data-id=\"1b77682\" data-element_type=\"section\">\n\t\t\t\t\t\t<div class=\"elementor-container elementor-column-gap-default\">\n\t\t\t\t\t<div class=\"elementor-column elementor-col-100 elementor-top-column elementor-element elementor-element-8e34835\" data-id=\"8e34835\" data-element_type=\"column\">\n\t\t\t<div class=\"elementor-widget-wrap elementor-element-populated\">\n\t\t\t\t\t\t\t\t<div class=\"elementor-element elementor-element-5012278 elementor-widget elementor-widget-text-editor\" data-id=\"5012278\" data-element_type=\"widget\" data-widget_type=\"text-editor.default\">\n\t\t\t\t<div class=\"elementor-widget-container\">\n\t\t\t\t\t\t\t<p>37 Sch\u00fclerinnen und Sch\u00fcler der GemS Neunkirchen-Stadtmitte haben ein besonderes Projekt auf die Beine gestellt \u2013 sie versorgen ihre Schulkameraden sowie die Lehrerinnen und Lehrer in den Pausen mit belegten Br\u00f6tchen, Snacks und demn\u00e4chst auch Getr\u00e4nken.<\/p><p><span style=\"color: var( --e-global-color-text ); font-family: var( --e-global-typography-text-font-family ), Sans-serif; font-weight: var( --e-global-typography-text-font-weight );\">Bei der schulinternen Einweihungsfeier zeigte sich Schulleiter Michael Klepper stolz auf die beteiligten Sch\u00fclerinnen und Sch\u00fcler: \u201eWir sind eine dynamische Schule, in der motivierte Sch\u00fcler und Sch\u00fcler aktiv Verantwortung \u00fcbernehmen und ihren Alltag mitbestimmen\u201c. Ins Leben gerufen werden konnte das Vorhaben au\u00dferdem durch die tatkr\u00e4ftige Unterst\u00fctzung vom neu gegr\u00fcndeten F\u00f6rderverein mit dem Vorsitzenden Herr Ecker und Frau Gros sowie Hausmeister Herr Steffens, der Teile der Theke aus dem alten Standort, bei dem im September die Abrissarbeiten begonnen haben, als Kioskstand neu aufgebaut hat. Das Sortiment erweitert sich nun St\u00fcck f\u00fcr St\u00fcck. Seit den Herbstferien stehen nun auch Getr\u00e4nke auf der Verkaufsliste.<\/span><\/p><p>\u00a0<\/p><p>Landrat S\u00f6ren Meng lobte die Einsatzbereitschaft der Sch\u00fclerinnen und Sch\u00fcler, die den Pausenverkauf organisieren, vorbereiten und durchf\u00fchren: \u201eUm eine Schule weiterzuentwickeln, braucht man das Engagement der ganzen Schulgemeinschaft. Dazu geh\u00f6rt es auch, dass die Sch\u00fclerinnen und Sch\u00fcler selbst miteinbezogen zu werden, wie eben bei der Organisation des Pausenverkaufs. Einen herzlichen Dank auch an das Team der Bau- und Schulverwaltung f\u00fcr die Unterst\u00fctzung bei diesem Projekt.\u201c<\/p><p>Text und Fotos: Amt f\u00fcr \u00d6ffentlichkeitsarbeit des Landkreis Neunkirchen<\/p><p>\u00a0<\/p>\t\t\t\t\t\t<\/div>\n\t\t\t\t<\/div>\n\t\t\t\t\t<\/div>\n\t\t<\/div>\n\t\t\t\t\t\t\t<\/div>\n\t\t<\/section>\n\t\t\t\t<section class=\"elementor-section elementor-top-section elementor-element elementor-element-825f5e0 elementor-section-boxed elementor-section-height-default elementor-section-height-default\" data-id=\"825f5e0\" data-element_type=\"section\">\n\t\t\t\t\t\t<div class=\"elementor-container elementor-column-gap-default\">\n\t\t\t\t\t<div class=\"elementor-column elementor-col-100 elementor-top-column elementor-element elementor-element-38b8cf4\" data-id=\"38b8cf4\" data-element_type=\"column\">\n\t\t\t<div class=\"elementor-widget-wrap elementor-element-populated\">\n\t\t\t\t\t\t\t\t<div class=\"elementor-element elementor-element-4abe2fe elementor-arrows-position-inside elementor-widget elementor-widget-image-carousel\" data-id=\"4abe2fe\" data-element_type=\"widget\" data-settings=\"{&quot;slides_to_show&quot;:&quot;1&quot;,&quot;navigation&quot;:&quot;arrows&quot;,&quot;autoplay&quot;:&quot;yes&quot;,&quot;pause_on_hover&quot;:&quot;yes&quot;,&quot;pause_on_interaction&quot;:&quot;yes&quot;,&quot;autoplay_speed&quot;:5000,&quot;infinite&quot;:&quot;yes&quot;,&quot;effect&quot;:&quot;slide&quot;,&quot;speed&quot;:500}\" data-widget_type=\"image-carousel.default\">\n\t\t\t\t<div class=\"elementor-widget-container\">\n\t\t\t\t\t<div class=\"elementor-image-carousel-wrapper swiper-container\" dir=\"ltr\">\n\t\t\t<div class=\"elementor-image-carousel swiper-wrapper\" aria-live=\"off\">\n\t\t\t\t\t\t\t\t<div class=\"swiper-slide\" role=\"group\" aria-roledescription=\"slide\" aria-label=\"1 of 6\"><figure class=\"swiper-slide-inner\"><img decoding=\"async\" class=\"swiper-slide-image\" src=\"https:\/\/www.gemsnk.de\/wp-content\/uploads\/2022\/11\/Pausenverkauf-II-2-300x225.jpg\" alt=\"Pausenverkauf II (2)\" \/><\/figure><\/div><div class=\"swiper-slide\" role=\"group\" aria-roledescription=\"slide\" aria-label=\"2 of 6\"><figure class=\"swiper-slide-inner\"><img decoding=\"async\" class=\"swiper-slide-image\" src=\"https:\/\/www.gemsnk.de\/wp-content\/uploads\/2022\/11\/Pausenverkauf-GemS-NK-Stadtmitte-300x225.jpg\" alt=\"Pausenverkauf GemS NK-Stadtmitte\" \/><\/figure><\/div><div class=\"swiper-slide\" role=\"group\" aria-roledescription=\"slide\" aria-label=\"3 of 6\"><figure class=\"swiper-slide-inner\"><img decoding=\"async\" class=\"swiper-slide-image\" src=\"https:\/\/www.gemsnk.de\/wp-content\/uploads\/2022\/11\/Pausenverkauf-II-300x225.jpg\" alt=\"Pausenverkauf II\" \/><\/figure><\/div><div class=\"swiper-slide\" role=\"group\" aria-roledescription=\"slide\" aria-label=\"4 of 6\"><figure class=\"swiper-slide-inner\"><img decoding=\"async\" class=\"swiper-slide-image\" src=\"https:\/\/www.gemsnk.de\/wp-content\/uploads\/2022\/11\/Pausenverkauf-III-300x225.jpg\" alt=\"Pausenverkauf III\" \/><\/figure><\/div><div class=\"swiper-slide\" role=\"group\" aria-roledescription=\"slide\" aria-label=\"5 of 6\"><figure class=\"swiper-slide-inner\"><img decoding=\"async\" class=\"swiper-slide-image\" src=\"https:\/\/www.gemsnk.de\/wp-content\/uploads\/2022\/11\/Pausenverkauf-IV-300x225.jpg\" alt=\"Pausenverkauf IV\" \/><\/figure><\/div><div class=\"swiper-slide\" role=\"group\" aria-roledescription=\"slide\" aria-label=\"6 of 6\"><figure class=\"swiper-slide-inner\"><img decoding=\"async\" class=\"swiper-slide-image\" src=\"https:\/\/www.gemsnk.de\/wp-content\/uploads\/2022\/11\/Pausenverkauf-V-300x225.jpg\" alt=\"Pausenverkauf V\" \/><\/figure><\/div>\t\t\t<\/div>\n\t\t\t\t\t\t\t\t\t\t\t\t<div class=\"elementor-swiper-button elementor-swiper-button-prev\" role=\"button\" tabindex=\"0\">\n\t\t\t\t\t\t<i aria-hidden=\"true\" class=\"eicon-chevron-left\"><\/i>\t\t\t\t\t<\/div>\n\t\t\t\t\t<div class=\"elementor-swiper-button elementor-swiper-button-next\" role=\"button\" tabindex=\"0\">\n\t\t\t\t\t\t<i aria-hidden=\"true\" class=\"eicon-chevron-right\"><\/i>\t\t\t\t\t<\/div>\n\t\t\t\t\n\t\t\t\t\t\t\t\t\t<\/div>\n\t\t\t\t<\/div>\n\t\t\t\t<\/div>\n\t\t\t\t\t<\/div>\n\t\t<\/div>\n\t\t\t\t\t\t\t<\/div>\n\t\t<\/section>\n\t\t\t\t\t\t\t<\/div>\n\t\t","protected":false},"excerpt":{"rendered":"<p>37 Sch\u00fclerinnen und Sch\u00fcler der GemS Neunkirchen-Stadtmitte haben ein besonderes Projekt auf die Beine gestellt \u2013 sie versorgen ihre Schulkameraden sowie die Lehrerinnen und Lehrer in den Pausen mit belegten&hellip;<\/p>\n","protected":false},"author":1,"featured_media":3777,"comment_status":"open","ping_status":"open","sticky":false,"template":"","format":"standard","meta":{"_EventAllDay":false,"_EventTimezone":"","_EventStartDate":"","_EventEndDate":"","_EventStartDateUTC":"","_EventEndDateUTC":"","_EventShowMap":false,"_EventShowMapLink":false,"_EventURL":"","_EventCost":"","_EventCostDescription":"","_EventCurrencySymbol":"","_EventCurrencyCode":"","_EventCurrencyPosition":"","_EventDateTimeSeparator":"","_EventTimeRangeSeparator":"","_EventOrganizerID":[],"_EventVenueID":[],"_OrganizerEmail":"","_OrganizerPhone":"","_OrganizerWebsite":"","_VenueAddress":"","_VenueCity":"","_VenueCountry":"","_VenueProvince":"","_VenueState":"","_VenueZip":"","_VenuePhone":"","_VenueURL":"","_VenueStateProvince":"","_VenueLat":"","_VenueLng":"","_VenueShowMap":false,"_VenueShowMapLink":false,"footnotes":""},"categories":[1,7],"tags":[33],"class_list":["post-3774","post","type-post","status-publish","format-standard","has-post-thumbnail","hentry","category-allgemein","category-news","tag-pausenverkauf"],"gutentor_comment":2,"_links":{"self":[{"href":"https:\/\/www.gemsnk.de\/index.php?rest_route=\/wp\/v2\/posts\/3774","targetHints":{"allow":["GET"]}}],"collection":[{"href":"https:\/\/www.gemsnk.de\/index.php?rest_route=\/wp\/v2\/posts"}],"about":[{"href":"https:\/\/www.gemsnk.de\/index.php?rest_route=\/wp\/v2\/types\/post"}],"author":[{"embeddable":true,"href":"https:\/\/www.gemsnk.de\/index.php?rest_route=\/wp\/v2\/users\/1"}],"replies":[{"embeddable":true,"href":"https:\/\/www.gemsnk.de\/index.php?rest_route=%2Fwp%2Fv2%2Fcomments&post=3774"}],"version-history":[{"count":5,"href":"https:\/\/www.gemsnk.de\/index.php?rest_route=\/wp\/v2\/posts\/3774\/revisions"}],"predecessor-version":[{"id":3785,"href":"https:\/\/www.gemsnk.de\/index.php?rest_route=\/wp\/v2\/posts\/3774\/revisions\/3785"}],"wp:featuredmedia":[{"embeddable":true,"href":"https:\/\/www.gemsnk.de\/index.php?rest_route=\/wp\/v2\/media\/3777"}],"wp:attachment":[{"href":"https:\/\/www.gemsnk.de\/index.php?rest_route=%2Fwp%2Fv2%2Fmedia&parent=3774"}],"wp:term":[{"taxonomy":"category","embeddable":true,"href":"https:\/\/www.gemsnk.de\/index.php?rest_route=%2Fwp%2Fv2%2Fcategories&post=3774"},{"taxonomy":"post_tag","embeddable":true,"href":"https:\/\/www.gemsnk.de\/index.php?rest_route=%2Fwp%2Fv2%2Ftags&post=3774"}],"curies":[{"name":"wp","href":"https:\/\/api.w.org\/{rel}","templated":true}]}}