{"id":3164,"date":"2022-01-17T15:24:02","date_gmt":"2022-01-17T14:24:02","guid":{"rendered":"https:\/\/www.gemsnk.de\/?p=3164"},"modified":"2022-03-20T17:52:38","modified_gmt":"2022-03-20T16:52:38","slug":"elementor-3164","status":"publish","type":"post","link":"https:\/\/www.gemsnk.de\/?p=3164","title":{"rendered":"Stellungnahme der Gemeinschaftsschulen zu G9"},"content":{"rendered":"\t\t<div data-elementor-type=\"wp-post\" data-elementor-id=\"3164\" class=\"elementor elementor-3164\">\n\t\t\t\t\t\t\t\t\t<section class=\"elementor-section elementor-top-section elementor-element elementor-element-b4c8935 elementor-section-boxed elementor-section-height-default elementor-section-height-default\" data-id=\"b4c8935\" data-element_type=\"section\">\n\t\t\t\t\t\t<div class=\"elementor-container elementor-column-gap-default\">\n\t\t\t\t\t<div class=\"elementor-column elementor-col-100 elementor-top-column elementor-element elementor-element-067ca1a\" data-id=\"067ca1a\" data-element_type=\"column\">\n\t\t\t<div class=\"elementor-widget-wrap elementor-element-populated\">\n\t\t\t\t\t\t\t\t<div class=\"elementor-element elementor-element-e99456b elementor-widget elementor-widget-text-editor\" data-id=\"e99456b\" data-element_type=\"widget\" data-widget_type=\"text-editor.default\">\n\t\t\t\t<div class=\"elementor-widget-container\">\n\t\t\t\t\t\t\t<p><strong>Pressemitteilung der Schulleiterinnen und Schulleiter an <\/strong><br \/><strong>Gemeinschaftsschulen im Saarland zum Thema G9 <\/strong><br \/><strong>Freisen, 14.01.2022<\/strong><\/p>\t\t\t\t\t\t<\/div>\n\t\t\t\t<\/div>\n\t\t\t\t\t<\/div>\n\t\t<\/div>\n\t\t\t\t\t\t\t<\/div>\n\t\t<\/section>\n\t\t\t\t<section class=\"elementor-section elementor-top-section elementor-element elementor-element-b941670 elementor-section-boxed elementor-section-height-default elementor-section-height-default\" data-id=\"b941670\" data-element_type=\"section\">\n\t\t\t\t\t\t<div class=\"elementor-container elementor-column-gap-default\">\n\t\t\t\t\t<div class=\"elementor-column elementor-col-100 elementor-top-column elementor-element elementor-element-045d1e7\" data-id=\"045d1e7\" data-element_type=\"column\">\n\t\t\t<div class=\"elementor-widget-wrap elementor-element-populated\">\n\t\t\t\t\t\t\t\t<div class=\"elementor-element elementor-element-5312c5d elementor-widget elementor-widget-text-editor\" data-id=\"5312c5d\" data-element_type=\"widget\" data-widget_type=\"text-editor.default\">\n\t\t\t\t<div class=\"elementor-widget-container\">\n\t\t\t\t\t\t\t<p>Mit Verwundern reagiert die Arbeitsgemeinschaft der Schulleiterinnen und Schulleiter an Gemeinschaftsschulen im Saarland auf den Vorsto\u00df der CDU Saar mit ihrem Wahlkampfpapier Q+ f\u00fcr saarl\u00e4ndische Schulen. Statt Schulstrukturdebatten zu f\u00fchren, sehen die Schulleiterinnen und Schulleiter an den Gemeinschaftsschulen eher die Notwendigkeit, dass die Landespolitik personelle und finanzielle Ressourcen bereitstellen muss, um inhaltliche und r\u00e4umliche Verbesserungen an den Schulen innerhalb des bestehenden Rahmens zu erreichen. \u201eWenn die CDU nun mit 100 zus\u00e4tzlichen Lehrerstellen an den Gymnasien f\u00fcr ein neuntes Jahr auf dem Weg zum Abitur kalkuliert, gehen wir davon aus, dass mindestens im gleichen Umfang auch Geld und Personal f\u00fcr die gleichwertige S\u00e4ule Gemeinschaftsschule zur Verf\u00fcgung gestellt werden, damit langj\u00e4hrige Versprechen der Politik wie multiprofessionelle Teams und kleinere Klassen endlich in die Tat umgesetzt werden k\u00f6nnen\u201c, erkl\u00e4rt der Sprecher der Arbeitsgemeinschaft, Marc Andr\u00e9 M\u00fcller.<\/p>\n<p>Dass nun offenbar so viel Geld f\u00fcr zus\u00e4tzliche Bildungsausgaben an Gemeinschaftsschulen und Gymnasien und nat\u00fcrlich auch an weiteren Schulformen im Landeshaushalt bereitstehen wird, begr\u00fc\u00dfen die Schuleiterinnen und Schulleiter daher sehr.&nbsp;<\/p>\n<p>Kein Verst\u00e4ndnis haben die Schulleiterinnen und Schulleiter hingegen f\u00fcr die vorgestellten Pl\u00e4ne zur vermeintlich neuen inhaltlichen Neuausrichtung der Gemeinschaftsschulen. \u201eDie Gemeinschaftsschule kann schon heute selbstbewusst auf eine klare Profilbildung verweisen, die an den jeweiligen Standort angepasst und mit den Schulgemeinschaften abgestimmt ist\u201c, so Marc Andr\u00e9 M\u00fcller. Die Berufsorientierung sei dabei sicher ein Schwerpunkt, aber ganz sicher nicht der einzige. Zugleich sei die Gemeinschaftsschule diejenige Schulform, welche in den zur\u00fcckliegenden Jahren trotz einer angespannten Personalsituation die gr\u00f6\u00dften Beitr\u00e4ge in den weiterf\u00fchrenden Schulen zur erfolgreichen Inklusion von Menschen mit Beeintr\u00e4chtigung und von Gefl\u00fcchteten geleistet habe und die eine individuelle p\u00e4dagogische F\u00f6rderung aller Sch\u00fclerinnen und Sch\u00fcler gew\u00e4hrleiste. \u201eZudem ist die Gemeinschaftsschule schon jetzt die Schulform, die G9 bereits mit gro\u00dfem Erfolg anbietet und nach unserer Auffassung gibt es \u00fcberhaupt keinen Grund, an dieser Ausrichtung etwas zu \u00e4ndern\u201c, sagt Marc Andr\u00e9 M\u00fcller. Den Eindruck, dass Eltern den Unterschied zwischen den Schulformen nicht erkennen w\u00fcrden, wie von der CDU behauptet, teilt man an den Gemeinschaftsschulen nicht. \u201eVielmehr stellen wir fest, dass viele Eltern, auch von Sch\u00fclerinnen und Sch\u00fclern mit gymnasialer Empfehlung, sich bewusst f\u00fcr eine Gemeinschaftsschule entscheiden, weil sie die individuelle p\u00e4dagogische F\u00f6rderung, die wir Ihren Kindern anbieten, zu sch\u00e4tzen wissen\u201c, meint M\u00fcller. So sei die Gemeinschaftsschule die Schulform, die alle Sch\u00fclerinnen und Sch\u00fcler bestm\u00f6glich f\u00f6rdere und zum bestm\u00f6glichen Abschluss f\u00fchre und gezielt auf alle Schulabschl\u00fcsse vorbereite \u2013 vom Hauptschulabschluss \u00fcber den Mittleren Bildungsabschluss bis hin zum Abitur.&nbsp;<\/p><p>Der Plan der CDU, ein F\u00f6rderband Oberstufe in Klassenstufe 9 an der Gemeinschaftsschule einrichten zu wollen, verkenne dabei, dass schon jetzt eine hohe Anzahl von Sch\u00fclerinnen und Sch\u00fclern ihr Abitur an der Gemeinschaftsschule erfolgreich und mit guten Ergebnissen absolviere und dass in der Oberstufe die gleichen Anforderungen erf\u00fcllt werden m\u00fcssen wie am Gymnasium. \u201eSchlie\u00dflich gibt es im Saarland ein allgemein anerkanntes Zentralabitur, das ungeachtet der Schulform nach identischen Lehrpl\u00e4nen und identischen Abiturpr\u00fcfungen vergeben wird\u201c, sagt Marc Andr\u00e9 M\u00fcller abschlie\u00dfend.<\/p>\n<p><\/p>\t\t\t\t\t\t<\/div>\n\t\t\t\t<\/div>\n\t\t\t\t\t<\/div>\n\t\t<\/div>\n\t\t\t\t\t\t\t<\/div>\n\t\t<\/section>\n\t\t\t\t\t\t\t<\/div>\n\t\t","protected":false},"excerpt":{"rendered":"<p>Pressemitteilung der Schulleiterinnen und Schulleiter an Gemeinschaftsschulen im Saarland zum Thema G9 Freisen, 14.01.2022 Mit Verwundern reagiert die Arbeitsgemeinschaft der Schulleiterinnen und Schulleiter an Gemeinschaftsschulen im Saarland auf den Vorsto\u00df&hellip;<\/p>\n","protected":false},"author":1,"featured_media":3193,"comment_status":"closed","ping_status":"closed","sticky":false,"template":"","format":"standard","meta":{"_EventAllDay":false,"_EventTimezone":"","_EventStartDate":"","_EventEndDate":"","_EventStartDateUTC":"","_EventEndDateUTC":"","_EventShowMap":false,"_EventShowMapLink":false,"_EventURL":"","_EventCost":"","_EventCostDescription":"","_EventCurrencySymbol":"","_EventCurrencyCode":"","_EventCurrencyPosition":"","_EventDateTimeSeparator":"","_EventTimeRangeSeparator":"","_EventOrganizerID":[],"_EventVenueID":[],"_OrganizerEmail":"","_OrganizerPhone":"","_OrganizerWebsite":"","_VenueAddress":"","_VenueCity":"","_VenueCountry":"","_VenueProvince":"","_VenueState":"","_VenueZip":"","_VenuePhone":"","_VenueURL":"","_VenueStateProvince":"","_VenueLat":"","_VenueLng":"","_VenueShowMap":false,"_VenueShowMapLink":false,"footnotes":""},"categories":[1,7],"tags":[],"class_list":["post-3164","post","type-post","status-publish","format-standard","has-post-thumbnail","hentry","category-allgemein","category-news"],"gutentor_comment":0,"_links":{"self":[{"href":"https:\/\/www.gemsnk.de\/index.php?rest_route=\/wp\/v2\/posts\/3164","targetHints":{"allow":["GET"]}}],"collection":[{"href":"https:\/\/www.gemsnk.de\/index.php?rest_route=\/wp\/v2\/posts"}],"about":[{"href":"https:\/\/www.gemsnk.de\/index.php?rest_route=\/wp\/v2\/types\/post"}],"author":[{"embeddable":true,"href":"https:\/\/www.gemsnk.de\/index.php?rest_route=\/wp\/v2\/users\/1"}],"replies":[{"embeddable":true,"href":"https:\/\/www.gemsnk.de\/index.php?rest_route=%2Fwp%2Fv2%2Fcomments&post=3164"}],"version-history":[{"count":8,"href":"https:\/\/www.gemsnk.de\/index.php?rest_route=\/wp\/v2\/posts\/3164\/revisions"}],"predecessor-version":[{"id":3172,"href":"https:\/\/www.gemsnk.de\/index.php?rest_route=\/wp\/v2\/posts\/3164\/revisions\/3172"}],"wp:featuredmedia":[{"embeddable":true,"href":"https:\/\/www.gemsnk.de\/index.php?rest_route=\/wp\/v2\/media\/3193"}],"wp:attachment":[{"href":"https:\/\/www.gemsnk.de\/index.php?rest_route=%2Fwp%2Fv2%2Fmedia&parent=3164"}],"wp:term":[{"taxonomy":"category","embeddable":true,"href":"https:\/\/www.gemsnk.de\/index.php?rest_route=%2Fwp%2Fv2%2Fcategories&post=3164"},{"taxonomy":"post_tag","embeddable":true,"href":"https:\/\/www.gemsnk.de\/index.php?rest_route=%2Fwp%2Fv2%2Ftags&post=3164"}],"curies":[{"name":"wp","href":"https:\/\/api.w.org\/{rel}","templated":true}]}}