{"id":3151,"date":"2021-12-16T11:55:54","date_gmt":"2021-12-16T10:55:54","guid":{"rendered":"https:\/\/www.gemsnk.de\/?p=3151"},"modified":"2022-03-20T17:52:52","modified_gmt":"2022-03-20T16:52:52","slug":"unsere-10er-klassen-auf-klimaexpedition","status":"publish","type":"post","link":"https:\/\/www.gemsnk.de\/?p=3151","title":{"rendered":"Unsere 10er \u2013 Klassen auf \u201eKlimaexpedition"},"content":{"rendered":"\t\t<div data-elementor-type=\"wp-post\" data-elementor-id=\"3151\" class=\"elementor elementor-3151\">\n\t\t\t\t\t\t\t\t\t<section class=\"elementor-section elementor-top-section elementor-element elementor-element-7246ac0 elementor-section-boxed elementor-section-height-default elementor-section-height-default\" data-id=\"7246ac0\" data-element_type=\"section\">\n\t\t\t\t\t\t<div class=\"elementor-container elementor-column-gap-default\">\n\t\t\t\t\t<div class=\"elementor-column elementor-col-100 elementor-top-column elementor-element elementor-element-4e292f1\" data-id=\"4e292f1\" data-element_type=\"column\">\n\t\t\t<div class=\"elementor-widget-wrap elementor-element-populated\">\n\t\t\t\t\t\t\t\t<div class=\"elementor-element elementor-element-e97a63a elementor-widget elementor-widget-text-editor\" data-id=\"e97a63a\" data-element_type=\"widget\" data-widget_type=\"text-editor.default\">\n\t\t\t\t<div class=\"elementor-widget-container\">\n\t\t\t\t\t\t\t<p>Eine GW \u2013 Stunde der besonderen Art erlebten unsere beiden 10er \u2013 Klassen am Dienstag, dem 14. Dezember, denn man begab sich im Rahmen des Klimaprojektes Neunkirchen auf \u201eKlimaexpedition\u201c rund um unseren Planeten und auf Spurensuche nach den Ursachen, Folgen \u00a0und L\u00f6sungen der weltweiten Klimakrise.<\/p><p>Der Umweltp\u00e4dagoge und Geograph Michael Geisler von der Umweltbildungseinrichtung \u201eGeoscopia\u201c aus\u00a0 Bochum nahm die Sch\u00fcler dabei anhand eindrucksvoller Bilder mit in die vielf\u00e4ltige Problematik der globalen Klimakrise infolge der Erderw\u00e4rmung und unseres klimasch\u00e4dlichen Konsumverhaltens. Bilder von Plastikm\u00fcll \u00a0in den Weltmeeren, von unsinnigen Plastikverpackungen in unseren Superm\u00e4rkten oder vom dramatischen R\u00fcckgang der Gletscher am Nord- und S\u00fcdpol oder den Alpen sensibilisierten die Sch\u00fcler\/innen der 10a und 10b f\u00fcr die Bedrohung des Weltklimas und damit unserer Lebensgrundlagen.<\/p><p>Michael Geisler verstand es dabei ausgezeichnet, mit den Sch\u00fclern\/innen in eine angeregte und fruchtbare Diskussion einzusteigen und ihnen bewusst zu machen, welchen kleinen Beitrag jeder von uns selbst leisten kann, um die weltweite Erderw\u00e4rmung und die Klimakrise ein St\u00fcck weit mit zu bek\u00e4mpfen.<\/p><p>Energiesparen, Verzicht auf Plastikverpackungen, Verzicht auf Flugreisen, \u00c4nderungen beim Medienkonsum und vieles mehr wurde diskutiert und als m\u00f6gliche L\u00f6sungswege angesprochen.<\/p><p>Die beiden Unterrichtsstunden im Rahmen der Klimaexpedition boten f\u00fcr\u00a0 unsere Sch\u00fcler\/innen jedenfalls eine Menge Anlass zum Nachdenken, um selbst etwas f\u00fcr den Klimaschutz zu tun\u2026<\/p><p>Die Zusammenarbeit mit dem \u201eKlimaprojekt Neunkirchen\u201c, unterst\u00fctzt von der Stadt Neunkirchen, der KEW und der Sparkasse Neunkirchen, geh\u00f6rt seit vielen Jahren zum festen Bestandteil unseres Schulprogramms.<\/p><p>Text\/Foto: R. Kiefer<\/p>\t\t\t\t\t\t<\/div>\n\t\t\t\t<\/div>\n\t\t\t\t\t<\/div>\n\t\t<\/div>\n\t\t\t\t\t\t\t<\/div>\n\t\t<\/section>\n\t\t\t\t\t\t\t<\/div>\n\t\t","protected":false},"excerpt":{"rendered":"<p>Eine GW \u2013 Stunde der besonderen Art erlebten unsere beiden 10er \u2013 Klassen am Dienstag, dem 14. Dezember, denn man begab sich im Rahmen des Klimaprojektes Neunkirchen auf \u201eKlimaexpedition\u201c rund&hellip;<\/p>\n","protected":false},"author":1,"featured_media":3152,"comment_status":"closed","ping_status":"open","sticky":false,"template":"","format":"standard","meta":{"_EventAllDay":false,"_EventTimezone":"","_EventStartDate":"","_EventEndDate":"","_EventStartDateUTC":"","_EventEndDateUTC":"","_EventShowMap":false,"_EventShowMapLink":false,"_EventURL":"","_EventCost":"","_EventCostDescription":"","_EventCurrencySymbol":"","_EventCurrencyCode":"","_EventCurrencyPosition":"","_EventDateTimeSeparator":"","_EventTimeRangeSeparator":"","_EventOrganizerID":[],"_EventVenueID":[],"_OrganizerEmail":"","_OrganizerPhone":"","_OrganizerWebsite":"","_VenueAddress":"","_VenueCity":"","_VenueCountry":"","_VenueProvince":"","_VenueState":"","_VenueZip":"","_VenuePhone":"","_VenueURL":"","_VenueStateProvince":"","_VenueLat":"","_VenueLng":"","_VenueShowMap":false,"_VenueShowMapLink":false,"footnotes":""},"categories":[1,7],"tags":[],"class_list":["post-3151","post","type-post","status-publish","format-standard","has-post-thumbnail","hentry","category-allgemein","category-news"],"gutentor_comment":0,"_links":{"self":[{"href":"https:\/\/www.gemsnk.de\/index.php?rest_route=\/wp\/v2\/posts\/3151","targetHints":{"allow":["GET"]}}],"collection":[{"href":"https:\/\/www.gemsnk.de\/index.php?rest_route=\/wp\/v2\/posts"}],"about":[{"href":"https:\/\/www.gemsnk.de\/index.php?rest_route=\/wp\/v2\/types\/post"}],"author":[{"embeddable":true,"href":"https:\/\/www.gemsnk.de\/index.php?rest_route=\/wp\/v2\/users\/1"}],"replies":[{"embeddable":true,"href":"https:\/\/www.gemsnk.de\/index.php?rest_route=%2Fwp%2Fv2%2Fcomments&post=3151"}],"version-history":[{"count":4,"href":"https:\/\/www.gemsnk.de\/index.php?rest_route=\/wp\/v2\/posts\/3151\/revisions"}],"predecessor-version":[{"id":3156,"href":"https:\/\/www.gemsnk.de\/index.php?rest_route=\/wp\/v2\/posts\/3151\/revisions\/3156"}],"wp:featuredmedia":[{"embeddable":true,"href":"https:\/\/www.gemsnk.de\/index.php?rest_route=\/wp\/v2\/media\/3152"}],"wp:attachment":[{"href":"https:\/\/www.gemsnk.de\/index.php?rest_route=%2Fwp%2Fv2%2Fmedia&parent=3151"}],"wp:term":[{"taxonomy":"category","embeddable":true,"href":"https:\/\/www.gemsnk.de\/index.php?rest_route=%2Fwp%2Fv2%2Fcategories&post=3151"},{"taxonomy":"post_tag","embeddable":true,"href":"https:\/\/www.gemsnk.de\/index.php?rest_route=%2Fwp%2Fv2%2Ftags&post=3151"}],"curies":[{"name":"wp","href":"https:\/\/api.w.org\/{rel}","templated":true}]}}