{"id":3110,"date":"2021-12-07T21:16:05","date_gmt":"2021-12-07T20:16:05","guid":{"rendered":"https:\/\/www.gemsnk.de\/?p=3110"},"modified":"2021-12-09T12:07:40","modified_gmt":"2021-12-09T11:07:40","slug":"elementor-3110","status":"publish","type":"post","link":"https:\/\/www.gemsnk.de\/?p=3110","title":{"rendered":"Gedenkst\u00e4ttenfahrt der 10er \u2013 Klassen ins ehemaligen KZ Natzweiler \u2013 Struthof"},"content":{"rendered":"\t\t<div data-elementor-type=\"wp-post\" data-elementor-id=\"3110\" class=\"elementor elementor-3110\">\n\t\t\t\t\t\t\t\t\t<section class=\"elementor-section elementor-top-section elementor-element elementor-element-a2e3fa6 elementor-section-boxed elementor-section-height-default elementor-section-height-default\" data-id=\"a2e3fa6\" data-element_type=\"section\">\n\t\t\t\t\t\t<div class=\"elementor-container elementor-column-gap-default\">\n\t\t\t\t\t<div class=\"elementor-column elementor-col-100 elementor-top-column elementor-element elementor-element-9f5996a\" data-id=\"9f5996a\" data-element_type=\"column\">\n\t\t\t<div class=\"elementor-widget-wrap elementor-element-populated\">\n\t\t\t\t\t\t\t\t<div class=\"elementor-element elementor-element-d51cedd elementor-widget elementor-widget-text-editor\" data-id=\"d51cedd\" data-element_type=\"widget\" data-widget_type=\"text-editor.default\">\n\t\t\t\t<div class=\"elementor-widget-container\">\n\t\t\t\t\t\t\t<p><span style=\"color: var( --e-global-color-text ); font-family: var( --e-global-typography-text-font-family ), Sans-serif; font-weight: var( --e-global-typography-text-font-weight );\">Unsere beiden 10er \u2013 Klassen besuchten am vergangenen Mittwoch, dem 01.12.21 im Rahmen des GW \u2013 Unterrichtes mit ihren Lehrern Frau Andres, Herrn Schmid und Herrn Kiefer das ehemalige Konzentrationslager Natzweiler \u2013 Struthof in den Vogesen.<\/span><br><\/p>\n<p>Herr Sch\u00f6pflin von der Stiftung Demokratie Saarland bereitete unsere&nbsp; Sch\u00fcler\/innen bereits auf der Hinfahrt auf den nicht einfachen Besuch der KZ \u2013 Gedenkst\u00e4tte behutsam vor.<\/p>\n<p>Nach einem kurzen Aufenthalt mit dem Vorlesen eines Augenzeugenberichtes am Bahnhof Rothau, wo die Gefangenen mit den Bahntransporten ankamen, fuhren wir dann \u00fcber die 8 km lange und schneebedeckte Stra\u00dfe hoch zum eigentlichen Lager auf knapp 900 m H\u00f6he, das die SS dort ab dem Mai 1941 durch H\u00e4ftlinge anlegen lie\u00df. Die Witterungsverh\u00e4ltnisse mit Regen, Wind und Schnee lie\u00dfen erahnen, wie schlimm die Situation f\u00fcr die H\u00e4ftlinge damals gewesen sein muss.<\/p>\n<p>Nach dem Betreten des Lagers durch das m\u00e4chtige Eingangstor mit Stacheldraht besuchten wir die Ausstellung zur Geschichte des ehemaligen KZ\u2019s, die in einer der damals vorhandenen Baracken untergebracht ist.<\/p>\n<p>Hier erfuhren wir, dass das Lager in erster Linie dazu diente, billige Arbeitskr\u00e4fte f\u00fcr einen nahen Steinbruch bereit zu stellen, wo roter Granit f\u00fcr die Nazi \u2013 Bauten in Berlin abgebaut wurde.<\/p>\n<p>Die H\u00e4ftlinge versuchten neben den unmenschlichen Arbeitsbedingungen auch tagt\u00e4glich die unterschiedlichsten Foltermethoden zu \u00fcberleben, Hunger, Pr\u00fcgelstrafen oder&nbsp; brutale Haftstrafen im Gef\u00e4ngnisblock geh\u00f6rten zum Alltag. Im September 1944 waren etwa 6000 Menschen in dem f\u00fcr 1500 H\u00e4ftlinge vorgesehenen Lager zusammengepfercht.<\/p>\n<p>Das KZ Natzweiler, so unser Reiseleiter Herr Sch\u00f6pflin, diente auch als Hinrichtungsst\u00e4tte, hier wurden els\u00e4ssische Widerstandsk\u00e4mpfer (\u201eResistance\u201c) von der SS \u2013 Lagermannschaft erschossen oder erh\u00e4ngt. F\u00fcr diese Widerstandsk\u00e4mpfer hat der franz\u00f6sische Staat eine eigene Gedenkst\u00e4tte mit einem Denkmal in Form einer riesigen Flamme errichtet.<\/p>\n<p>Besonders schockierend f\u00fcr uns war auch der Besuch im dem Teil des Lagers, wo deutsche \u00c4rzte grauenhafte medizinische Versuche an H\u00e4ftlingen durchf\u00fchrten, der Seziertisch f\u00fcr diese Versuche ist noch im Original erhalten\u2026 Die Asche der get\u00f6teten H\u00e4ftlinge wurde anschlie\u00dfend in einen nahen Teich gesch\u00fcttet, wo sich heute die zentrale Gedenkst\u00e4tte innerhalb des Lagers befindet.<\/p>\n<p>Der Schneefall, die K\u00e4lte, der Regen, der st\u00e4ndige Wind lie\u00df auch unsere Besuchergruppe erahnen, welch grausamer Ort das ehemalige KZ Natzweiler gewesen sein muss.<\/p>\n<p>Die Gedenkst\u00e4ttenfahrt, die zum festen Bestandteil unserer Schule z\u00e4hlt, hinterlie\u00df einen emotional sehr intensiven Eindruck bei unseren Sch\u00fclern\/innen, die sich einig waren in&nbsp; ihrem Urteil: so etwas darf nie mehr in unserer Geschichte passieren und jeder ist aufgefordert, seinen eigenen Beitrag gegen Hass und Menschenverachtung in unserer Zeit zu leisten!<\/p>\n<p><\/p>\t\t\t\t\t\t<\/div>\n\t\t\t\t<\/div>\n\t\t\t\t\t<\/div>\n\t\t<\/div>\n\t\t\t\t\t\t\t<\/div>\n\t\t<\/section>\n\t\t\t\t<section class=\"elementor-section elementor-top-section elementor-element elementor-element-51973d0 elementor-section-boxed elementor-section-height-default elementor-section-height-default\" data-id=\"51973d0\" data-element_type=\"section\">\n\t\t\t\t\t\t<div class=\"elementor-container elementor-column-gap-default\">\n\t\t\t\t\t<div class=\"elementor-column elementor-col-100 elementor-top-column elementor-element elementor-element-8b44688\" data-id=\"8b44688\" data-element_type=\"column\">\n\t\t\t<div class=\"elementor-widget-wrap elementor-element-populated\">\n\t\t\t\t\t\t\t\t<div class=\"elementor-element elementor-element-a0271ef elementor-arrows-position-inside elementor-pagination-position-outside elementor-widget elementor-widget-image-carousel\" data-id=\"a0271ef\" data-element_type=\"widget\" data-settings=\"{&quot;slides_to_show&quot;:&quot;1&quot;,&quot;navigation&quot;:&quot;both&quot;,&quot;autoplay&quot;:&quot;yes&quot;,&quot;pause_on_hover&quot;:&quot;yes&quot;,&quot;pause_on_interaction&quot;:&quot;yes&quot;,&quot;autoplay_speed&quot;:5000,&quot;infinite&quot;:&quot;yes&quot;,&quot;effect&quot;:&quot;slide&quot;,&quot;speed&quot;:500}\" data-widget_type=\"image-carousel.default\">\n\t\t\t\t<div class=\"elementor-widget-container\">\n\t\t\t\t\t<div class=\"elementor-image-carousel-wrapper swiper-container\" dir=\"ltr\">\n\t\t\t<div class=\"elementor-image-carousel swiper-wrapper\" aria-live=\"off\">\n\t\t\t\t\t\t\t\t<div class=\"swiper-slide\" role=\"group\" aria-roledescription=\"slide\" aria-label=\"1 of 9\"><figure class=\"swiper-slide-inner\"><img decoding=\"async\" class=\"swiper-slide-image\" src=\"https:\/\/www.gemsnk.de\/wp-content\/uploads\/2021\/12\/IMG_2715-768x576.jpg\" alt=\"IMG_2715\" \/><\/figure><\/div><div class=\"swiper-slide\" role=\"group\" aria-roledescription=\"slide\" aria-label=\"2 of 9\"><figure class=\"swiper-slide-inner\"><img decoding=\"async\" class=\"swiper-slide-image\" src=\"https:\/\/www.gemsnk.de\/wp-content\/uploads\/2021\/12\/IMG_E2642-768x576.jpg\" alt=\"IMG_E2642\" \/><\/figure><\/div><div class=\"swiper-slide\" role=\"group\" aria-roledescription=\"slide\" aria-label=\"3 of 9\"><figure class=\"swiper-slide-inner\"><img decoding=\"async\" class=\"swiper-slide-image\" src=\"https:\/\/www.gemsnk.de\/wp-content\/uploads\/2021\/12\/IMG_2710-768x576.jpg\" alt=\"IMG_2710\" \/><\/figure><\/div><div class=\"swiper-slide\" role=\"group\" aria-roledescription=\"slide\" aria-label=\"4 of 9\"><figure class=\"swiper-slide-inner\"><img decoding=\"async\" class=\"swiper-slide-image\" src=\"https:\/\/www.gemsnk.de\/wp-content\/uploads\/2021\/12\/IMG_2704-768x507.jpg\" alt=\"IMG_2704\" \/><\/figure><\/div><div class=\"swiper-slide\" role=\"group\" aria-roledescription=\"slide\" aria-label=\"5 of 9\"><figure class=\"swiper-slide-inner\"><img decoding=\"async\" class=\"swiper-slide-image\" src=\"https:\/\/www.gemsnk.de\/wp-content\/uploads\/2021\/12\/IMG_2700-768x576.jpg\" alt=\"IMG_2700\" \/><\/figure><\/div><div class=\"swiper-slide\" role=\"group\" aria-roledescription=\"slide\" aria-label=\"6 of 9\"><figure class=\"swiper-slide-inner\"><img decoding=\"async\" class=\"swiper-slide-image\" src=\"https:\/\/www.gemsnk.de\/wp-content\/uploads\/2021\/12\/IMG_2695-768x432.jpg\" alt=\"IMG_2695\" \/><\/figure><\/div><div class=\"swiper-slide\" role=\"group\" aria-roledescription=\"slide\" aria-label=\"7 of 9\"><figure class=\"swiper-slide-inner\"><img decoding=\"async\" class=\"swiper-slide-image\" src=\"https:\/\/www.gemsnk.de\/wp-content\/uploads\/2021\/12\/IMG_2689-768x576.jpg\" alt=\"IMG_2689\" \/><\/figure><\/div><div class=\"swiper-slide\" role=\"group\" aria-roledescription=\"slide\" aria-label=\"8 of 9\"><figure class=\"swiper-slide-inner\"><img decoding=\"async\" class=\"swiper-slide-image\" src=\"https:\/\/www.gemsnk.de\/wp-content\/uploads\/2021\/12\/Eingangstor-768x532.jpg\" alt=\"Eingangstor\" \/><\/figure><\/div><div class=\"swiper-slide\" role=\"group\" aria-roledescription=\"slide\" aria-label=\"9 of 9\"><figure class=\"swiper-slide-inner\"><img decoding=\"async\" class=\"swiper-slide-image\" src=\"https:\/\/www.gemsnk.de\/wp-content\/uploads\/2021\/12\/Ofen-Krematorium-768x1024.jpg\" alt=\"Ofen Krematorium\" \/><\/figure><\/div>\t\t\t<\/div>\n\t\t\t\t\t\t\t\t\t\t\t\t<div class=\"elementor-swiper-button elementor-swiper-button-prev\" role=\"button\" tabindex=\"0\">\n\t\t\t\t\t\t<i aria-hidden=\"true\" class=\"eicon-chevron-left\"><\/i>\t\t\t\t\t<\/div>\n\t\t\t\t\t<div class=\"elementor-swiper-button elementor-swiper-button-next\" role=\"button\" tabindex=\"0\">\n\t\t\t\t\t\t<i aria-hidden=\"true\" class=\"eicon-chevron-right\"><\/i>\t\t\t\t\t<\/div>\n\t\t\t\t\n\t\t\t\t\t\t\t\t\t<div class=\"swiper-pagination\"><\/div>\n\t\t\t\t\t\t\t\t\t<\/div>\n\t\t\t\t<\/div>\n\t\t\t\t<\/div>\n\t\t\t\t\t<\/div>\n\t\t<\/div>\n\t\t\t\t\t\t\t<\/div>\n\t\t<\/section>\n\t\t\t\t\t\t\t<\/div>\n\t\t","protected":false},"excerpt":{"rendered":"<p>Unsere beiden 10er \u2013 Klassen besuchten am vergangenen Mittwoch, dem 01.12.21 im Rahmen des GW \u2013 Unterrichtes mit ihren Lehrern Frau Andres, Herrn Schmid und Herrn Kiefer das ehemalige Konzentrationslager&hellip;<\/p>\n","protected":false},"author":1,"featured_media":3117,"comment_status":"open","ping_status":"open","sticky":false,"template":"","format":"standard","meta":{"_EventAllDay":false,"_EventTimezone":"","_EventStartDate":"","_EventEndDate":"","_EventStartDateUTC":"","_EventEndDateUTC":"","_EventShowMap":false,"_EventShowMapLink":false,"_EventURL":"","_EventCost":"","_EventCostDescription":"","_EventCurrencySymbol":"","_EventCurrencyCode":"","_EventCurrencyPosition":"","_EventDateTimeSeparator":"","_EventTimeRangeSeparator":"","_EventOrganizerID":[],"_EventVenueID":[],"_OrganizerEmail":"","_OrganizerPhone":"","_OrganizerWebsite":"","_VenueAddress":"","_VenueCity":"","_VenueCountry":"","_VenueProvince":"","_VenueState":"","_VenueZip":"","_VenuePhone":"","_VenueURL":"","_VenueStateProvince":"","_VenueLat":"","_VenueLng":"","_VenueShowMap":false,"_VenueShowMapLink":false,"footnotes":""},"categories":[1,7],"tags":[],"class_list":["post-3110","post","type-post","status-publish","format-standard","has-post-thumbnail","hentry","category-allgemein","category-news"],"gutentor_comment":3,"_links":{"self":[{"href":"https:\/\/www.gemsnk.de\/index.php?rest_route=\/wp\/v2\/posts\/3110","targetHints":{"allow":["GET"]}}],"collection":[{"href":"https:\/\/www.gemsnk.de\/index.php?rest_route=\/wp\/v2\/posts"}],"about":[{"href":"https:\/\/www.gemsnk.de\/index.php?rest_route=\/wp\/v2\/types\/post"}],"author":[{"embeddable":true,"href":"https:\/\/www.gemsnk.de\/index.php?rest_route=\/wp\/v2\/users\/1"}],"replies":[{"embeddable":true,"href":"https:\/\/www.gemsnk.de\/index.php?rest_route=%2Fwp%2Fv2%2Fcomments&post=3110"}],"version-history":[{"count":14,"href":"https:\/\/www.gemsnk.de\/index.php?rest_route=\/wp\/v2\/posts\/3110\/revisions"}],"predecessor-version":[{"id":3150,"href":"https:\/\/www.gemsnk.de\/index.php?rest_route=\/wp\/v2\/posts\/3110\/revisions\/3150"}],"wp:featuredmedia":[{"embeddable":true,"href":"https:\/\/www.gemsnk.de\/index.php?rest_route=\/wp\/v2\/media\/3117"}],"wp:attachment":[{"href":"https:\/\/www.gemsnk.de\/index.php?rest_route=%2Fwp%2Fv2%2Fmedia&parent=3110"}],"wp:term":[{"taxonomy":"category","embeddable":true,"href":"https:\/\/www.gemsnk.de\/index.php?rest_route=%2Fwp%2Fv2%2Fcategories&post=3110"},{"taxonomy":"post_tag","embeddable":true,"href":"https:\/\/www.gemsnk.de\/index.php?rest_route=%2Fwp%2Fv2%2Ftags&post=3110"}],"curies":[{"name":"wp","href":"https:\/\/api.w.org\/{rel}","templated":true}]}}