{"id":2533,"date":"2021-04-16T14:16:01","date_gmt":"2021-04-16T12:16:01","guid":{"rendered":"https:\/\/www.gemsnk.de\/?p=2533"},"modified":"2021-04-16T14:24:41","modified_gmt":"2021-04-16T12:24:41","slug":"gemeinsam-sind-wir-stark","status":"publish","type":"post","link":"https:\/\/www.gemsnk.de\/?p=2533","title":{"rendered":"Saarbr\u00fccker Zeitung: \u201eGemeinsam sind wir stark\u201c"},"content":{"rendered":"\t\t<div data-elementor-type=\"wp-post\" data-elementor-id=\"2533\" class=\"elementor elementor-2533\">\n\t\t\t\t\t\t\t\t\t<section class=\"elementor-section elementor-top-section elementor-element elementor-element-c8005c0 elementor-section-boxed elementor-section-height-default elementor-section-height-default\" data-id=\"c8005c0\" data-element_type=\"section\">\n\t\t\t\t\t\t<div class=\"elementor-container elementor-column-gap-default\">\n\t\t\t\t\t<div class=\"elementor-column elementor-col-100 elementor-top-column elementor-element elementor-element-da481da\" data-id=\"da481da\" data-element_type=\"column\">\n\t\t\t<div class=\"elementor-widget-wrap elementor-element-populated\">\n\t\t\t\t\t\t\t\t<div class=\"elementor-element elementor-element-9662b30 elementor-widget elementor-widget-text-editor\" data-id=\"9662b30\" data-element_type=\"widget\" data-widget_type=\"text-editor.default\">\n\t\t\t\t<div class=\"elementor-widget-container\">\n\t\t\t\t\t\t\t<article data-fragment-count=\"4\">\n<div>\n<p>Die Sch\u00fclersprecherinnen der Gemeinschaftsschule Stadtmitte erz\u00e4hlen \u00fcber ihre Schule, die sie selbst in diesem Sommer verlassen. Den Neubau lernen sie selbst nicht mehr kennen, zumindest nicht als Sch\u00fclerinnen.<\/p>\n<div>\n<p><strong><em>Wir haben mit der Sch\u00fclersprecherin der Gemeinschaftsschule Stadtmitte, Paola Albano, 15 Jahre, und ihrer Vertreterin Amanda Ahmetovic, 16 Jahre gesporchen. Beide besuchen seit 2015 die Gemeinschaftsschule Neunkirchen Stadtmitte und beide haben 2018 als Sch\u00fclersprecherinnen knadidiert. Voraussichtlich, so schreiben sie, machen sie ihren Mittleren Bildungsabschluss diesen Sommer. Danach machen beide mit der Schule weiter: Paola Albano strebt ein Fachabi mit paralleler Ausbildung zur Erzieherin an, Amanda Ahmetovic will Abitur machen.<\/em><\/strong><\/p>\n<\/div>\n<div>\n<p><strong>Was macht die Schule in den Augen der beiden so besonders?<\/strong><\/p>\n<\/div>\n<div>\n<p>\u201eUnsere Schule ist besonders, da wir sehr auf Gemeinschaft und Zusammenhalt achten. Wir haben an unserer Schule eine Song AG und haben ein eigenes&nbsp;<a href=\"https:\/\/www.youtube.com\/watch?v=sgbcXQwtE_w\" target=\"_blank\" rel=\"noopener\">Lied<\/a>&nbsp;komponiert. Dabei sticht der Satz \u201aOb du deutsch bist oder nicht, das ist doch ganz egal. Ob Yezide oder Christ, gemeinsam sind wir star.\u2019 stark heraus und zeigt, dass jeder willkommen ist, und wir eine Gemeinschaft sind, die jede Herkunft und jede Religion, jede Hautfarbe aufnimmt und unterst\u00fctzt.\u201c<\/p>\n<\/div>\n<div>\n<p><strong>Was m\u00f6gen die beiden am meisten, was k\u00f6nnte man verbessern?<\/strong><\/p>\n<\/div>\n<div>\n<p>\u201eDas, was wir an unserer Schule besonders m\u00f6gen, w\u00e4re zum einen, dass die Lehrer auf unsere Fragen und \u00c4nderungen eingehen, uns zuh\u00f6ren bei Sachen, die die Sch\u00fcler m\u00f6chten, und viel auf die Meinung der Sch\u00fcler eingehen und versuchen neue Sachen wie zum Beispiel Gruppentische, was zurzeit wegen Corona leider nicht geht und das Lernen an Tabletts einzubringen. Doch eine Sache k\u00f6nnte man verbessern. Wir haben schon bei einer Schulversammlung dar\u00fcber geredet, dass wir eine kleine Spielgelegenheit f\u00fcr die f\u00fcnften und sechsten Klassen auf dem Schulhof schaffen k\u00f6nnte, damit der Schulhof mehr Freude verbreiten kann, vor allem f\u00fcr die Kleinen unter uns.\u201c<\/p>\n<\/div>\n<div>\n<p><strong>An welches positive Erlebnis erinnern sich Amanda und Paola immer noch gerne?<\/strong><\/p>\n<\/div>\n<div>\n<p>\u201eIch denke wir sprechen f\u00fcr die meisten Sch\u00fcler, wenn wir sagen, dass wir uns besonders an Klassenfahrten und Ausfl\u00fcge gut erinnern k\u00f6nnen. Wir finden, dass es etwas anderes ist, wenn Sch\u00fcler au\u00dferhalb der Schule Zeit miteinander verbringen und die Lehrer und Sch\u00fcler so ein besseres Verh\u00e4ltnisse aufbauen k\u00f6nnen. Eines der besonderen Erlebnisse an unserer Schule war die Haarspende. Jeder durfte, wenn er wollte und l\u00e4ngere Harre hatte, seine Haare spenden f\u00fcr Per\u00fccken f\u00fcr krebskranke Kinder. Zudem hatten wir jedes Jahr ein Picobello Tag, an dem alle Sch\u00fclerinnen und Sch\u00fcler durch die Stadt und den Wald gelaufen sind und M\u00fcll gesammelt haben. Wir hatten auch Weihnachten im Schuhkarton und es war ein tolles Ereignis und Erlebnis f\u00fcr uns, aber auch f\u00fcr die Kinder, die es bekommen haben, da wir ihnen und uns eine Freude bereiten konnten.\u201c<\/p>\n<\/div>\n<div>\n<p><strong>Was hat sich ver\u00e4ndert an der Schule, am Unterricht, seit dem eigenen Schuleintritt?<\/strong><\/p>\n<\/div>\n<div>\n<p>\u201eGe\u00e4ndert hat sich einiges, weil jedes Jahr neue Sch\u00fcler kommen, aber auch neue Lehrer. Die Gemeinschaft hat sich sehr ver\u00e4ndert, aber zum Positiven, da wir unserer Meinung nach eine viel engere Gemeinschaft geworden sind. Was sich auch noch ge\u00e4ndert hat, ist, dass wir an unserer Schule viel mit Tablets arbeiten und es bisher super l\u00e4uft.\u201c<\/p>\n<\/div>\n<div>\n<p><strong>Und wie l\u00e4uft die Corona-Schulzeit?<\/strong><\/p>\n<\/div>\n<div>\n<p>\u201eIch glaube, wenn wir ehrlich sind, haben wir uns alle am Anfang gefreut, dass wir nicht mehr zur Schule m\u00fcssen, aber nach einer Zeit hat man einfach gemerkt, dass es zu Hause schwieriger war. Wir mussten uns mehrere Dinge selbst beibringen, oder wenn wir Fragen hatten, ging es \u00fcber soziale Netzwerke nicht wirklich so gut, wie wenn man es in der Schule erkl\u00e4rt bekommt. Es war vielleicht zu Hause entspannter, aber den Spa\u00df am Lernen hatten wir zu Hause nicht und den pers\u00f6nlichen Kontakt zu unseren Mitsch\u00fclern auch nicht.\u201c<\/p>\n<\/div>\n<div>\n<p><strong>Nun steht der Umzug bevor f\u00fcr die Klassen f\u00fcnf bis sieben. Ist es schade, dass nicht alle Klassen immer an einem Ort unterrichtet wurden? Welche Auswirkungen hat das m\u00f6glicherweise?<\/strong><\/p>\n<\/div>\n<div>\n<p>\u201eEs ist schade, dass wir nicht sehen k\u00f6nnen, wer die neuen Sch\u00fcler auf unserer Schule sind, und was die anderen Sch\u00fcler so tun, w\u00e4hrend wir in Wiebelskirchen sind. Doch auf der anderen Seite hat es was Gutes, da unser Schulhof nicht voll ist und wir auch dementsprechend mehr Platz haben. Aber es ist schon schade, dass die Klassen getrennt sind und wir so eine gespaltene Gemeinschaft haben. Wir k\u00f6nnen uns zwar mit den Sch\u00fclern der neunten und achten Klassen anfreunden und uns mit denen unterhalten, aber leider nicht mit den j\u00fcngeren, da wir sie so gut wie kaum sehen.\u201c<\/p>\n<\/div>\n<div>\n<p><strong>Bedauern die Sch\u00fclersprecherinnen, dass sie nicht mehr in der neuen Schule unterrichtet werden?<\/strong><\/p>\n<\/div>\n<div>&nbsp;<span style=\"color: var( --e-global-color-text ); font-family: var( --e-global-typography-text-font-family ), Sans-serif; font-weight: var( --e-global-typography-text-font-weight );\">\u201eWir behalten unser altes Geb\u00e4ude gut in Erinnerung mit sch\u00f6nen Erlebnissen. Es ist zwar schade, dass wir nicht mehr erleben k\u00f6nnen, wie die neue Schule sein wird und wie man dort unterrichtet, aber wir k\u00f6nnen mit Stolz sagen, dass wir in dem alten Geb\u00e4ude gute f\u00fcnf Jahre verbracht haben und wir noch sozusagen \u201edie alte Generation\u201c unserer Schule sind.<\/span><\/div><div><span style=\"color: var( --e-global-color-text ); font-family: var( --e-global-typography-text-font-family ), Sans-serif; font-weight: var( --e-global-typography-text-font-weight );\"><br><\/span><\/div>\n<footer><\/footer>\n<\/div>\n<\/article>\n<aside aria-hidden=\"true\" data-portal-id=\"taboola-below-article-thumbnails\">\n<div data-feed-container-num=\"1\" data-feed-main-container-id=\"taboola-below-article-thumbnails\" data-parent-placement-name=\"Below Article Thumbnails\" data-pub-lang=\"de\">\n<div>\n<div>&nbsp;Saarbr\u00fccker Zeitung 13.04.2021 von&nbsp;<a href=\"https:\/\/www.saarbruecker-zeitung.de\/autor\/elke-jacobi-ji\/\" style=\"font-weight: 700; font-family: var( --e-global-typography-text-font-family ), Sans-serif; background-color: white;\">Elke Jacobi<\/a>&nbsp;(<span style=\"color: var( --e-global-color-text ); font-family: var( --e-global-typography-text-font-family ), Sans-serif; font-weight: var( --e-global-typography-text-font-weight );\">Lokalredaktion Neunkirchen)<\/span><\/div><\/div><div data-card-index=\"3\" data-batch-num=\"1\" data-placement-name=\"Below Article Thumbnails | Card 3\"><div><div><div><div><div><div><div data-item-id=\"~~V1~~-8242937616619140720~~tYNBfDgh8fVEtc79gl7UdFQr0tMpDfZRkq613Mkeul4ndpXq_nTToVci-tV_1bYyPVPbFHdycXfyr1VxmozLcV7JbGFbjtizQN29Zpin8p1JlawpbYFtoRw_FVSAoDPy8yoVX_ZV1DUzrU9mgEqIxVpt34vkyVLCqQj-j_6Ik-WFwt9_72reDSrMsTKuuUo5rYixCx5wo1Nc9P6AtfaSeHz28GcSse-K2_jHIWt5oMjPYBGiC84_gJQjZHmueT2X9FBZP_3mS_V18jbgE568niEBtXLtruoYb88yz3S2Kw5f5VlW48GsFTLI7OOmEKTKzHAz2-esz_-XA2U1i6pLXtI6M0Btxz9zc46Dhpsui6e7MI9X5Q59n0-CZW0JLO95\" data-item-title=\"Kein Scherz! Darum meiden Diebe solche H\u00e4user in Rheinland-pfalz\" data-item-thumb=\"http:\/\/cdn.taboola.com\/libtrc\/static\/thumbnails\/272b1382adfbe3d601a60b6d606e451b.jpg\" data-item-syndicated=\"true\">\n<\/div>\n<\/div>\n<\/div>\n<\/div>\n<div>&nbsp;<\/div>\n<\/div>\n<\/div>\n<\/div>\n<\/div>\n<div data-card-index=\"4\" data-batch-num=\"1\" data-placement-name=\"Below Article Thumbnails | Card 4\">\n<div>\n<div>\n<div>\n<div>\n<div>\n<div>\n<div data-item-id=\"~~V1~~8840283778853161002~~-SuScJncpySTZHabxThdYRfkci6SDsBWphHmwIfDahUndpXq_nTToVci-tV_1bYyPVPbFHdycXfyr1VxmozLcV7JbGFbjtizQN29Zpin8p1JlawpbYFtoRw_FVSAoDPy8yoVX_ZV1DUzrU9mgEqIxVpt34vkyVLCqQj-j_6Ik-WFwt9_72reDSrMsTKuuUo5WVWLM4w_rOYZHW8HyaDnqP4p022cpIF89LaSlTwF4CV2cW6cdf342fLh426ZNErpmi39YY8FgOsQKdY94oIZbxkzLc_zlIHGXqmUNv5KYN4sw85tQ4-nh0GmX50Ms_VlRx88uMABCTYCcQVEJBLxn8LSUaSE_DmGJiq_lpAvYJUfvs6G39y8Kh9wNcqG6YjQ\" data-item-title=\"Von der PKV zur\u00fcck in die Gesetzliche - Geld sparen!\" data-item-thumb=\"http:\/\/cdn.taboola.com\/libtrc\/static\/thumbnails\/3d20335059976fb2fb19790acc0ef8fd.jpg\" data-item-syndicated=\"true\"><br><\/div>\n<\/div>\n<\/div>\n<\/div>\n<\/div>\n<\/div>\n<\/div>\n<\/div>\n<\/div>\n<\/aside>\t\t\t\t\t\t<\/div>\n\t\t\t\t<\/div>\n\t\t\t\t\t<\/div>\n\t\t<\/div>\n\t\t\t\t\t\t\t<\/div>\n\t\t<\/section>\n\t\t\t\t\t\t\t<\/div>\n\t\t","protected":false},"excerpt":{"rendered":"<p>Die Sch\u00fclersprecherinnen der Gemeinschaftsschule Stadtmitte erz\u00e4hlen \u00fcber ihre Schule, die sie selbst in diesem Sommer verlassen. Den Neubau lernen sie selbst nicht mehr kennen, zumindest nicht als Sch\u00fclerinnen. Wir haben&hellip;<\/p>\n","protected":false},"author":1,"featured_media":2538,"comment_status":"closed","ping_status":"open","sticky":false,"template":"","format":"standard","meta":{"_EventAllDay":false,"_EventTimezone":"","_EventStartDate":"","_EventEndDate":"","_EventStartDateUTC":"","_EventEndDateUTC":"","_EventShowMap":false,"_EventShowMapLink":false,"_EventURL":"","_EventCost":"","_EventCostDescription":"","_EventCurrencySymbol":"","_EventCurrencyCode":"","_EventCurrencyPosition":"","_EventDateTimeSeparator":"","_EventTimeRangeSeparator":"","_EventOrganizerID":[],"_EventVenueID":[],"_OrganizerEmail":"","_OrganizerPhone":"","_OrganizerWebsite":"","_VenueAddress":"","_VenueCity":"","_VenueCountry":"","_VenueProvince":"","_VenueState":"","_VenueZip":"","_VenuePhone":"","_VenueURL":"","_VenueStateProvince":"","_VenueLat":"","_VenueLng":"","_VenueShowMap":false,"_VenueShowMapLink":false,"footnotes":""},"categories":[7],"tags":[],"class_list":["post-2533","post","type-post","status-publish","format-standard","has-post-thumbnail","hentry","category-news"],"gutentor_comment":0,"_links":{"self":[{"href":"https:\/\/www.gemsnk.de\/index.php?rest_route=\/wp\/v2\/posts\/2533","targetHints":{"allow":["GET"]}}],"collection":[{"href":"https:\/\/www.gemsnk.de\/index.php?rest_route=\/wp\/v2\/posts"}],"about":[{"href":"https:\/\/www.gemsnk.de\/index.php?rest_route=\/wp\/v2\/types\/post"}],"author":[{"embeddable":true,"href":"https:\/\/www.gemsnk.de\/index.php?rest_route=\/wp\/v2\/users\/1"}],"replies":[{"embeddable":true,"href":"https:\/\/www.gemsnk.de\/index.php?rest_route=%2Fwp%2Fv2%2Fcomments&post=2533"}],"version-history":[{"count":7,"href":"https:\/\/www.gemsnk.de\/index.php?rest_route=\/wp\/v2\/posts\/2533\/revisions"}],"predecessor-version":[{"id":2542,"href":"https:\/\/www.gemsnk.de\/index.php?rest_route=\/wp\/v2\/posts\/2533\/revisions\/2542"}],"wp:featuredmedia":[{"embeddable":true,"href":"https:\/\/www.gemsnk.de\/index.php?rest_route=\/wp\/v2\/media\/2538"}],"wp:attachment":[{"href":"https:\/\/www.gemsnk.de\/index.php?rest_route=%2Fwp%2Fv2%2Fmedia&parent=2533"}],"wp:term":[{"taxonomy":"category","embeddable":true,"href":"https:\/\/www.gemsnk.de\/index.php?rest_route=%2Fwp%2Fv2%2Fcategories&post=2533"},{"taxonomy":"post_tag","embeddable":true,"href":"https:\/\/www.gemsnk.de\/index.php?rest_route=%2Fwp%2Fv2%2Ftags&post=2533"}],"curies":[{"name":"wp","href":"https:\/\/api.w.org\/{rel}","templated":true}]}}