{"id":2521,"date":"2021-04-16T14:11:41","date_gmt":"2021-04-16T12:11:41","guid":{"rendered":"https:\/\/www.gemsnk.de\/?p=2521"},"modified":"2021-04-16T14:24:59","modified_gmt":"2021-04-16T12:24:59","slug":"eine-schule-macht-sich-bereit-fuer-die-wiedervereinigung","status":"publish","type":"post","link":"https:\/\/www.gemsnk.de\/?p=2521","title":{"rendered":"Saarbr\u00fccker Zeitung: Eine Schule macht sich bereit f\u00fcr die Wiedervereinigung"},"content":{"rendered":"\t\t<div data-elementor-type=\"wp-post\" data-elementor-id=\"2521\" class=\"elementor elementor-2521\">\n\t\t\t\t\t\t\t\t\t<section class=\"elementor-section elementor-top-section elementor-element elementor-element-88e38ca elementor-section-boxed elementor-section-height-default elementor-section-height-default\" data-id=\"88e38ca\" data-element_type=\"section\">\n\t\t\t\t\t\t<div class=\"elementor-container elementor-column-gap-default\">\n\t\t\t\t\t<div class=\"elementor-column elementor-col-100 elementor-top-column elementor-element elementor-element-e006b4a\" data-id=\"e006b4a\" data-element_type=\"column\">\n\t\t\t<div class=\"elementor-widget-wrap\">\n\t\t\t\t\t\t\t\t\t<\/div>\n\t\t<\/div>\n\t\t\t\t\t\t\t<\/div>\n\t\t<\/section>\n\t\t\t\t<section class=\"elementor-section elementor-top-section elementor-element elementor-element-b539d5b elementor-section-boxed elementor-section-height-default elementor-section-height-default\" data-id=\"b539d5b\" data-element_type=\"section\">\n\t\t\t\t\t\t<div class=\"elementor-container elementor-column-gap-default\">\n\t\t\t\t\t<div class=\"elementor-column elementor-col-100 elementor-top-column elementor-element elementor-element-f316794\" data-id=\"f316794\" data-element_type=\"column\">\n\t\t\t<div class=\"elementor-widget-wrap elementor-element-populated\">\n\t\t\t\t\t\t\t\t<div class=\"elementor-element elementor-element-00e80e3 elementor-widget elementor-widget-text-editor\" data-id=\"00e80e3\" data-element_type=\"widget\" data-widget_type=\"text-editor.default\">\n\t\t\t\t<div class=\"elementor-widget-container\">\n\t\t\t\t\t\t\t<p><strong style=\"color: var( --e-global-color-text ); font-family: var( --e-global-typography-text-font-family ), Sans-serif;\">Nach dem Sommer f\u00fcgt sich wieder zusammen, was zusammen geh\u00f6rt:<\/strong><span style=\"color: var( --e-global-color-text ); font-family: var( --e-global-typography-text-font-family ), Sans-serif; font-weight: var( --e-global-typography-text-font-weight );\"> Die drei unteren Jahrg\u00e4nge der Lutherschule, der Gemeinschaftsschule Stadtmitte, ziehen nach Wiebelskirchen zu den drei oberen. Aber nur vor\u00fcbergehend.&nbsp;<\/span><br><\/p>\n<p>Da hatten sie wirklich alle H\u00e4nde voll zu tun in den letzten Wochen, die beiden Hausmeister der Gemeinschaftsschule Stadtmitte. Ausmisten war angesagt. Sowohl im Hauptgeb\u00e4ude in der Neunkircher Lutherstra\u00dfe als auch im zweiten, der Freiherr-vom-Stein-Schule in Wiebelskirchen, einem ehemaligen Grundschul-Geb\u00e4ude, galt es klar Schiff zu machen. Denn der Schule steht Gro\u00dfes bevor. Noch in diesem Jahr geht es los mit dem Neubau der Schule.<br>Mit 20 Millionen ist diese Investition der gr\u00f6\u00dfte Investitions-Brocken im aktuellen Haushalt des Landkreises. Insgesamt 18 Schulen liegen unter dessen Tr\u00e4gerschaft. Der letzte Neubau einer Schule war Anfang der 80er der Bau der Anton-Hansen-Schule in Ottweiler.<br><strong>Pl\u00e4ne aus Luxemburg machen das Rennen<\/strong><br>\u201eDas ist seit Jahrzehnten die erste Schule im Saarland, die komplett neu gebaut wird\u201c, das sagt der kommissarische Leiter der Lutherschule. Michael Klepper freut sich besonders dar\u00fcber, dass man die Schule selbst und die Vorstellungen, die er auf Wunsch eingebracht hat, ber\u00fccksichtigt hat bei der Entscheidung f\u00fcr die Art des Neubaus. \u201eDas gibt es sicher nicht oft, dass man vom Schultr\u00e4ger gefragt wird, wie man es gerne h\u00e4tte\u201c, sagt er im Gespr\u00e4ch mit der SZ. Klepper selbst war in der Jury, die die Einsendungen des Architektenwettbewerbs gesichtet hat. Zwar, so verr\u00e4t er der SZ und bl\u00e4ttert durch die verschiedenen Vorschl\u00e4ge, habe er erst einen anderen Favoriten gehabt, aber mit der Entscheidung f\u00fcr den Wettbewerbs-Gewinner \u2013 der zeitgleich auch der wirtschaftlich beste Bieter war \u2013 ist er sehr froh. Auch, dass<br>man vom urspr\u00fcnglichen Plan, einer Schule irgendwo auf der gr\u00fcnen Wiese, wieder abgekommen ist und an die Stelle des alten Geb\u00e4udes neu bauen will, findet er gut. Das Rennen gemacht hat \u00fcbrigens das Architektenb\u00fcro S.A. aus dem luxemburgischen Remich.<br><strong>Das sind wir Gems Nk Stadtmitte: Ein Spiegel des Wohnumfeldes<\/strong><br>Klepper, der vor Antritt der kommissarischen Leitung in der Lutherstra\u00dfe im August 2019 runde 20 Jahre lang an der Ganztagsgemeinschaftsschule in der Neunkircher Haspelstra\u00dfe<br>t\u00e4tig war, davon 15 als p\u00e4dagogischer Leiter, wei\u00df um das, was an Schulen mit sozialem Brennpunkt wichtig ist. \u201eHier muss jedes Kind individuell gef\u00f6rdert werden\u201c, sagt der P\u00e4dagoge aus Leidenschaft, der deshalb Klassenst\u00e4rken \u00fcber 25 Sch\u00fcler ablehnt. \u201eDas schafft sonst auch der engagierteste Lehrer nicht mehr.\u201c Die Gemeinschaftsschule Stadtmitte spiegelt das Wohnumfeld wider. Ein Gro\u00dfteil der Menschen hier ist die letzten f\u00fcnf bis sechs Jahre aus Fl\u00fcchtlingsl\u00e4ndern, Kriegsgebieten wie Syrien und Irak gekommen. Die zweite gro\u00dfe Gruppe kommt aus Bulgarien und Rum\u00e4nien, meist Roma. Dazu kommen Italiener, T\u00fcrken, Kurden. \u201eWir nehmen hier den Migrationsdruck auf\u201c, sagt Klepper. Auf der Homepage der Schule sieht man es bunt auf Wei\u00df: 342 Sch\u00fcler aus 21 Kulturen werden von 35 Lehrern in 15 Klassen unterrichtet. Viele kommen hierher ohne Grundschulbildung. Das braucht besonders engagierte Lehrer. Und die hat Klepper. Darauf ist er stolz. \u201eSehr jung, sehr engagiert.\u201c Nicht nur die \u201enormalen\u201c Lehrkr\u00e4fte gibt es an seiner Schule, auch Sonderschulp\u00e4dagogen, Lehrer f\u00fcr Deutsch als Zweitsprache, Fachkr\u00e4fte erg\u00e4nzen das Kollegium. Dass sich die individuelle F\u00f6rderung lohnt, das sieht Klepper in den Ergebnissen best\u00e4tigt. \u201eDie H\u00e4lfte der zehnten Klassen geht mittlerweile in die Oberstufe oder macht Fachabitur\u201c, sagt Klepper. \u201eDie gehen gut gef\u00f6rdert hier raus.\u201c Und dann m\u00fcssen 325 junge Ohrenpaare geklingelt haben. \u201eMit den Sch\u00fclern bin ich unheimlich froh. Wir haben durch die Bank nette und gut sozialisierte Kinder.\u201c<br><strong>Jedem Jahrgang ein Cluster<\/strong><br>Die H\u00e4lfte davon wird bereits seit dem vergangenen Jahr in der Freiherr-vom-Stein-Schule in Wiebelskirchen unterrichtet, schon seit Jahren aber sind dort wegen Platzmangels in Neunkirchen immer ein, zwei Jahrg\u00e4nge untergebracht. Nur die Klassen f\u00fcnf bis sieben sind zurzeit noch in Neunkirchen. Nach diesem Sommer soll der komplette Umzug \u00fcber die B\u00fchne gegangen sein. Ein paar Klassen werden dann wohl in Container ziehen. \u201eAber Hauptsache<br>zusammen\u201c, sagt Klepper. Und spricht damit auch Sch\u00fclersprecherin Paola Albano und ihrer Stellvertreterin Amanda Ahmetovic aus der Seele (siehe Interview). Bis 2025 soll dann der<br>Neubau fertig sein. Und der bietet dann nicht nur insgesamt bis zu maximal 600 Kindern Platz sondern auch Dinge, die man in der alten Schule nicht kennt. Eine Aula beispielsweise. \u201eWenn wir hier was feiern wollen, dann m\u00fcssen wir in die Turnhalle\u201c, erkl\u00e4rt Klepper. Im Neubau ist direkt neben der Aula der Speiseraum, der auch als deren Erweiterung dient. Von der Aula aus kommt man ins Treppenhaus und in die einzelnen Jahrgangs-Cluster. Ein solches Cluster (auf Deutsch in etwa eine r\u00e4umliche Konzentration zusammengeh\u00f6render Dinge) gibt es f\u00fcr jeden Jahrgang: In sich abgeschlossen findet man hier neben den Klassenr\u00e4umen einen gro\u00dfen unterschiedlich nutzbaren Freibereich und einen Teamraum sowie Toiletten. Dazu kommt der Fachraum-Cluster f\u00fcr Musik, Naturwissenschaften, kleinen Schulgarten. Besonders wichtig<br>findet Klepper die Freibereiche in den einzelnen Jahrgangs-Clustern. \u201eDa k\u00f6nnen dann auch die Elternabende stattfinden.\u201c Zurzeit sei die Einbindung der Eltern noch etwas schwierig.<br><strong>Teilgebundene Ganztagsschule&nbsp;<\/strong><\/p>\n<p><span style=\"color: var( --e-global-color-text ); font-family: var( --e-global-typography-text-font-family ), Sans-serif; font-weight: var( --e-global-typography-text-font-weight );\">Die Information f\u00fcr die Eltern \u00fcber wichtige Neuerungen gibt es auf der Homepage der Schule&nbsp;<\/span><span style=\"color: var( --e-global-color-text ); font-family: var( --e-global-typography-text-font-family ), Sans-serif; font-weight: var( --e-global-typography-text-font-weight );\">mehrsprachig. So erfahren die beispielsweise auch, dass der Neubau kommt und die Sch\u00fcler&nbsp;<\/span><span style=\"color: var( --e-global-color-text ); font-family: var( --e-global-typography-text-font-family ), Sans-serif; font-weight: var( --e-global-typography-text-font-weight );\">erst mal umziehen m\u00fcssen. Treffpunkt f\u00fcr die Sch\u00fcler wird ab dem kommenden Schuljahr&nbsp;<\/span><span style=\"color: var( --e-global-color-text ); font-family: var( --e-global-typography-text-font-family ), Sans-serif; font-weight: var( --e-global-typography-text-font-weight );\">morgens dann der Bus-Parkplatz in der Gustav-Regler-Stra\u00dfe sein. Die Fahrt zahlt der Kreis, es&nbsp;<\/span><span style=\"color: var( --e-global-color-text ); font-family: var( --e-global-typography-text-font-family ), Sans-serif; font-weight: var( --e-global-typography-text-font-weight );\">f\u00e4hrt die NVG. Keppler hofft, dass das mit den vier Jahren Bauzeit auch wirklich klappt.&nbsp;<\/span><span style=\"color: var( --e-global-color-text ); font-family: var( --e-global-typography-text-font-family ), Sans-serif; font-weight: var( --e-global-typography-text-font-weight );\">Schlie\u00dflich will er in zw\u00f6lf Jahren in Rente gehen und den Neubau noch einige Zeit genie\u00dfen&nbsp;<\/span><span style=\"color: var( --e-global-color-text ); font-family: var( --e-global-typography-text-font-family ), Sans-serif; font-weight: var( --e-global-typography-text-font-weight );\">k\u00f6nnen. Eine teilgebundene Ganztagsschule soll die Lutherschule im Neubau dann sein, mit&nbsp;<\/span><span style=\"color: var( --e-global-color-text ); font-family: var( --e-global-typography-text-font-family ), Sans-serif; font-weight: var( --e-global-typography-text-font-weight );\">daf\u00fcr dann auch entsprechend gestaltetem Au\u00dfenbereich und angedachter Spielstra\u00dfe im&nbsp;<\/span><span style=\"color: var( --e-global-color-text ); font-family: var( --e-global-typography-text-font-family ), Sans-serif; font-weight: var( --e-global-typography-text-font-weight );\">Schulbereich der Lutherstra\u00dfe.<\/span><\/p>\n<p><strong>Die Geschichte der Lutherschule<\/strong><br>1741: F\u00fcrst Wilhelm Heinrich l\u00e4stt im Jahr seines Regierungsantritts ein neues<br>lutherisches Schulhaus erbauen<br>1866: Erwerb zweier Grundst\u00fccke im Distrikt Im Miller an der sp\u00e4teren Viktoriastra\u00dfe zum Bau einer neuen Schule<br>1867: Plan wird erstellt und vergeben, ein Jahr sp\u00e4ter erster Bezug, die evangelische Volksschule Viktoriastra\u00dfe entsteht<br>1869: zweiter Bauabschnitt f\u00fcr weitere zwei Klassenr\u00e4ume und zwei Lehrerwohnungen, Einweihung 1870<br>1880er Jahre: Die Sch\u00fclerzahlen sind immens gestiegen, neue Schule in der Wellesweilerstra\u00dfe. Schule Viktoriastra\u00dfe wird entlastet.<br>1894: Franz Liebenguth stiftet die heute noch vorm Schulhaus stehenden Kastanienb\u00e4ume.<br>bis 1914: wegen \u00dcberf\u00fcllung wird eine weitere neue Schule gebaut, die Bachschule, sp\u00e4ter eine weitere in Niederneunkirchen<br>1918: Teil des Viktoriaschulhauses wird mit franz\u00f6sischen Besatzungstruppen belegt.<br>1923: Die Schule ist wieder frei, wird renoviert.<br>1933: Die Gasometer-Explosion hat Raumnot zur Folge, in der Viktoriaschule werden Obdachlose untergebracht.<br>1945: die bauf\u00e4llige ehemalige Viktoria-Schule wird durch einen Luftangriff zerst\u00f6rt<br>1951: der Neubau der Schule wird geplant<br>1955: Die neue Schule, wie sie heute noch steht, wird eingeweiht.<br>2006: Die Hauptschule wird abgeschafft. Die Lutherschule erh\u00e4lt das Realschulsystem II.<br>2017: Die Schule wird Gemeinschaftsschule Gesamtschulen und Erweiterte Realschulen2017: Die Schule wird Gemeinschafts-schule, Gesamtschulen und Erweiterte Realschulen existieren nicht mehr.<br>2020: Der Kreistag beschlie\u00dft den Neubau der Schule in der Lutherstra\u00dfe, da l\u00e4ngst nicht mehr alle Jahrgangsstufen in der Stadtmitte Platz finden. Bis 2025 soll der Neubau fertig sein.&nbsp;<br>Quelle: Festschrift zur Einweihung des neuen Schulhauses 1955)<\/p>\n<p><strong>Nach den Ferien geht es los<\/strong><br>Doch erst sind nochmal vor allem die Hausmeister gefragt. \u201eWir sind bereits an allen Ecken und Enden vom Ballast befreit\u201c, res\u00fcmmiert der Schulleiter. Nach und nach ziehen jetzt die einzelnen Fachr\u00e4ume um. Die letzten zwei bis drei Wochen vor den Ferien wird dann der Rest verpackt und beschriftet. W\u00e4hrend der Ferien geht es an die letzte Feinarbeit. Und wenn in der Lutherstra\u00dfe dann die Abrissbirne anr\u00fcckt, geht in Wiebelskirchen der Unterricht los \u2013 in einer nach Jahren wiedervereinten Schule.<\/p>\n<p>Quelle: Saarbr\u00fccker Zeitung 13.04.2021 v<span style=\"color: var( --e-global-color-text ); font-family: var( --e-global-typography-text-font-family ), Sans-serif; font-weight: var( --e-global-typography-text-font-weight );\">on Elke Jacobi&nbsp;<\/span><\/p>\t\t\t\t\t\t<\/div>\n\t\t\t\t<\/div>\n\t\t\t\t\t<\/div>\n\t\t<\/div>\n\t\t\t\t\t\t\t<\/div>\n\t\t<\/section>\n\t\t\t\t\t\t\t<\/div>\n\t\t","protected":false},"excerpt":{"rendered":"<p>Nach dem Sommer f\u00fcgt sich wieder zusammen, was zusammen geh\u00f6rt: Die drei unteren Jahrg\u00e4nge der Lutherschule, der Gemeinschaftsschule Stadtmitte, ziehen nach Wiebelskirchen zu den drei oberen. Aber nur vor\u00fcbergehend.&nbsp; Da&hellip;<\/p>\n","protected":false},"author":1,"featured_media":2176,"comment_status":"closed","ping_status":"open","sticky":false,"template":"","format":"standard","meta":{"_EventAllDay":false,"_EventTimezone":"","_EventStartDate":"","_EventEndDate":"","_EventStartDateUTC":"","_EventEndDateUTC":"","_EventShowMap":false,"_EventShowMapLink":false,"_EventURL":"","_EventCost":"","_EventCostDescription":"","_EventCurrencySymbol":"","_EventCurrencyCode":"","_EventCurrencyPosition":"","_EventDateTimeSeparator":"","_EventTimeRangeSeparator":"","_EventOrganizerID":[],"_EventVenueID":[],"_OrganizerEmail":"","_OrganizerPhone":"","_OrganizerWebsite":"","_VenueAddress":"","_VenueCity":"","_VenueCountry":"","_VenueProvince":"","_VenueState":"","_VenueZip":"","_VenuePhone":"","_VenueURL":"","_VenueStateProvince":"","_VenueLat":"","_VenueLng":"","_VenueShowMap":false,"_VenueShowMapLink":false,"footnotes":""},"categories":[7],"tags":[8,17,31,28,9],"class_list":["post-2521","post","type-post","status-publish","format-standard","has-post-thumbnail","hentry","category-news","tag-gems-neunkirchen","tag-gems-neunkirchen-stadtmitte","tag-neubau","tag-saarbruecker-zeitung","tag-sz"],"gutentor_comment":0,"_links":{"self":[{"href":"https:\/\/www.gemsnk.de\/index.php?rest_route=\/wp\/v2\/posts\/2521","targetHints":{"allow":["GET"]}}],"collection":[{"href":"https:\/\/www.gemsnk.de\/index.php?rest_route=\/wp\/v2\/posts"}],"about":[{"href":"https:\/\/www.gemsnk.de\/index.php?rest_route=\/wp\/v2\/types\/post"}],"author":[{"embeddable":true,"href":"https:\/\/www.gemsnk.de\/index.php?rest_route=\/wp\/v2\/users\/1"}],"replies":[{"embeddable":true,"href":"https:\/\/www.gemsnk.de\/index.php?rest_route=%2Fwp%2Fv2%2Fcomments&post=2521"}],"version-history":[{"count":16,"href":"https:\/\/www.gemsnk.de\/index.php?rest_route=\/wp\/v2\/posts\/2521\/revisions"}],"predecessor-version":[{"id":2546,"href":"https:\/\/www.gemsnk.de\/index.php?rest_route=\/wp\/v2\/posts\/2521\/revisions\/2546"}],"wp:featuredmedia":[{"embeddable":true,"href":"https:\/\/www.gemsnk.de\/index.php?rest_route=\/wp\/v2\/media\/2176"}],"wp:attachment":[{"href":"https:\/\/www.gemsnk.de\/index.php?rest_route=%2Fwp%2Fv2%2Fmedia&parent=2521"}],"wp:term":[{"taxonomy":"category","embeddable":true,"href":"https:\/\/www.gemsnk.de\/index.php?rest_route=%2Fwp%2Fv2%2Fcategories&post=2521"},{"taxonomy":"post_tag","embeddable":true,"href":"https:\/\/www.gemsnk.de\/index.php?rest_route=%2Fwp%2Fv2%2Ftags&post=2521"}],"curies":[{"name":"wp","href":"https:\/\/api.w.org\/{rel}","templated":true}]}}