{"id":2113,"date":"2021-02-04T16:51:24","date_gmt":"2021-02-04T15:51:24","guid":{"rendered":"https:\/\/www.gemsnk.de\/?p=2113"},"modified":"2021-02-04T17:31:41","modified_gmt":"2021-02-04T16:31:41","slug":"elementor-2113","status":"publish","type":"post","link":"https:\/\/www.gemsnk.de\/?p=2113","title":{"rendered":"Gems Neunkirchen Stadtmitte im Wandel: digitaler Fortschritt und Neubau des Schulgeb\u00e4udes"},"content":{"rendered":"\t\t<div data-elementor-type=\"wp-post\" data-elementor-id=\"2113\" class=\"elementor elementor-2113\">\n\t\t\t\t\t\t\t\t\t<section class=\"elementor-section elementor-top-section elementor-element elementor-element-0b862e7 elementor-section-boxed elementor-section-height-default elementor-section-height-default\" data-id=\"0b862e7\" data-element_type=\"section\">\n\t\t\t\t\t\t<div class=\"elementor-container elementor-column-gap-default\">\n\t\t\t\t\t<div class=\"elementor-column elementor-col-100 elementor-top-column elementor-element elementor-element-f30f39c\" data-id=\"f30f39c\" data-element_type=\"column\">\n\t\t\t<div class=\"elementor-widget-wrap elementor-element-populated\">\n\t\t\t\t\t\t\t\t<div class=\"elementor-element elementor-element-ef74335 elementor-widget elementor-widget-heading\" data-id=\"ef74335\" data-element_type=\"widget\" data-widget_type=\"heading.default\">\n\t\t\t\t<div class=\"elementor-widget-container\">\n\t\t\t<h4 class=\"elementor-heading-title elementor-size-default\">P\u00e4dagogischer Tag: Kenntnisse des digitalen Lehrens und Lernens werden erweitert<\/h4>\t\t<\/div>\n\t\t\t\t<\/div>\n\t\t\t\t<div class=\"elementor-element elementor-element-27c621b elementor-widget elementor-widget-text-editor\" data-id=\"27c621b\" data-element_type=\"widget\" data-widget_type=\"text-editor.default\">\n\t\t\t\t<div class=\"elementor-widget-container\">\n\t\t\t\t\t\t\t<p><span style=\"color: var( --e-global-color-text ); font-family: var( --e-global-typography-text-font-family ); font-weight: var( --e-global-typography-text-font-weight );\">\u201eEs ist Wahnsinn, was sich in den letzten 10 Monaten ver\u00e4ndert hat!\u201c \u2013 Diesen Satz steht im Zentrum <\/span>dessen, was die Lehrerinnen und Lehrer der Gemeinschaftsschule Neunkirchen Stadtmitte am P\u00e4dagogischen Tag am 29. Januar besprachen.<br \/>\u201eSeit dem 16. M\u00e4rz 2020 haben sich die Entwicklungen an den beiden Standorten der Schule, (in der Lutherstra\u00dfe in der Innenstadt von Neunkirchen und in der ehemaligen Freiherr-vom-Stein Schule in Wiebelskirchen \u2013 Anm.) \u00fcberschlagen. Wir haben funktionierendes schnelles WLAN, wir haben eine Lern- und Kommunikationsplattform eingerichtet, mit der wir alle Sch\u00fclerinnen und Sch\u00fcler und viele Eltern verl\u00e4sslich erreichen k\u00f6nnen, und die Ausstattung mit Tablets f\u00fcr den Unterricht und das<br \/>Homeschooling ist \u00fcber den Schultr\u00e4ger gew\u00e4hrleistet. Und, ganz wichtig: wir haben im Kollegium eine sehr lebendige Kooperation in den Fragen digitalen Unterrichts.\u201c (Michael Klepper, Schulleiter)<\/p><p>Als Vorbereitung des\u00a0 p\u00e4dagogischen Tags haben Kolleginnen und Kollegen eng zusammengearbeitet, zu vielen Themen Erkl\u00e4rvideos und interaktive Arbeitsbl\u00e4tter erstellt und Vortr\u00e4ge und Arbeitsauftr\u00e4ge vorbereitet. Ziel war dabei, einen Austausch dar\u00fcber zu gew\u00e4hrleisten, was sich im Bereich des digitalen Lernens in den verschiedenen F\u00e4chern als produktiv erwiesen hat. Denn: Digitalisierung ist nicht nur ein Thema in Zeiten der Pandemie. Sie ist ein notwendiges Hilfsmittel bei der individuellen F\u00f6rderung und Forderung der Kinder und Jugendlichen. \u201eUm einen Anschluss in der Gesellschaft zu schaffen, ist digitales Arbeiten mit und f\u00fcr Sch\u00fclerinnen und Sch\u00fcler nicht mehr wegzudenken. Dieser Entwicklung wird jetzt auch \u2013 in vielen F\u00e4llen erst seit dem Ausbruch der Corona Pandemie und den damit verbundenen Lockdowns \u2013 in den Schulen Rechnung getragen. Diese Chance m\u00fcssen die Schulen nat\u00fcrlich auch wahrnehmen.\u201c (Klepper)<\/p><p><span style=\"color: var( --e-global-color-text ); font-family: var( --e-global-typography-text-font-family ); font-weight: var( --e-global-typography-text-font-weight );\">Unterrichtskonzepte, die digitale Medien als Werkzeug nutzen, sind in der Gemeinschaftsschule Stadtmitte jetzt selbstverst\u00e4ndlich. In der Stadtmitte hat man da auch speziell die Kinder und Jugendlichen im Blick, die zuhause Schwierigkeiten haben, dies umzusetzen. \u201eWir machen vielf\u00e4ltige Angebote, \u00fcber die Tabletausleihe, die Betreuung in der Schule, aber auch, wenn nichts anderes m\u00f6glich ist die Bereitstellung von nicht-digitalen Arbeitsmaterialien. Das Wichtigste ist aber, dass die Kolleginnen und Kollegen engen Kontakt zu allen Sch\u00fclerinnen und Sch\u00fclern haben, so dass wir immer wissen, wo der Schuh gerade dr\u00fcckt. Im Moment fragen wir nach, in welchen Elternh\u00e4usern keine WLAN \u2013 Umgebung existiert. Da hat der Landkreis Neunkirchen als Schultr\u00e4ger gute Vorschl\u00e4ge gemacht, die wir gerne umsetzen wollen.\u201c (Klepper)<\/span><\/p><p>Mitnehmen will die Schule auch die komplette digitale Ausstattung, die absichtlich sehr mobil gehalten wurde, wenn sie im Sommer f\u00fcr vier Jahre ganz an den sch\u00f6n gelegenen Standort in Wiebelskirchen umzieht. Das Geb\u00e4ude in der Lutherstra\u00dfe, so der letzte Stand, wird ab dem Sommer 2021 abgerissen und durch ein neues, modernes Schulgeb\u00e4ude ersetzt.\u00a0<\/p>\t\t\t\t\t\t<\/div>\n\t\t\t\t<\/div>\n\t\t\t\t\t<\/div>\n\t\t<\/div>\n\t\t\t\t\t\t\t<\/div>\n\t\t<\/section>\n\t\t\t\t<section class=\"elementor-section elementor-top-section elementor-element elementor-element-d5e0527 elementor-section-boxed elementor-section-height-default elementor-section-height-default\" data-id=\"d5e0527\" data-element_type=\"section\">\n\t\t\t\t\t\t<div class=\"elementor-container elementor-column-gap-default\">\n\t\t\t\t\t<div class=\"elementor-column elementor-col-50 elementor-top-column elementor-element elementor-element-65f7352\" data-id=\"65f7352\" data-element_type=\"column\">\n\t\t\t<div class=\"elementor-widget-wrap elementor-element-populated\">\n\t\t\t\t\t\t\t\t<div class=\"elementor-element elementor-element-4fca506 elementor-widget elementor-widget-text-editor\" data-id=\"4fca506\" data-element_type=\"widget\" data-widget_type=\"text-editor.default\">\n\t\t\t\t<div class=\"elementor-widget-container\">\n\t\t\t\t\t\t\t<p>\u201eDas neue Schulgeb\u00e4ude im<br>Herzen der Stadt wird ein Ort des Lernens, in dem wir moderne Entwicklungen umsetzen, aber auch auf Bew\u00e4hrtes zur\u00fcck-greifen k\u00f6nnen. Hier k\u00f6nnen wir Schule gestalten f\u00fcr unsere Neunkircher Kinder.\u201c<\/p>\t\t\t\t\t\t<\/div>\n\t\t\t\t<\/div>\n\t\t\t\t\t<\/div>\n\t\t<\/div>\n\t\t\t\t<div class=\"elementor-column elementor-col-50 elementor-top-column elementor-element elementor-element-d6c7f8c\" data-id=\"d6c7f8c\" data-element_type=\"column\">\n\t\t\t<div class=\"elementor-widget-wrap elementor-element-populated\">\n\t\t\t\t\t\t\t\t<div class=\"elementor-element elementor-element-48e7339 elementor-widget elementor-widget-image\" data-id=\"48e7339\" data-element_type=\"widget\" data-widget_type=\"image.default\">\n\t\t\t\t<div class=\"elementor-widget-container\">\n\t\t\t\t\t\t\t\t\t\t\t\t<figure class=\"wp-caption\">\n\t\t\t\t\t\t\t\t\t\t<img loading=\"lazy\" decoding=\"async\" width=\"640\" height=\"423\" src=\"https:\/\/www.gemsnk.de\/wp-content\/uploads\/2020\/07\/w641_h424_x319_y228_SZ_86229435_2015696931_RGB_190_1_1_ed4ec860aa7f80542540f546878a52a3_1593946384_2015696931_3705ce062c-1b6bc17d5bdebd3e.jpeg\" class=\"attachment-large size-large wp-image-1541\" alt=\"\" srcset=\"https:\/\/www.gemsnk.de\/wp-content\/uploads\/2020\/07\/w641_h424_x319_y228_SZ_86229435_2015696931_RGB_190_1_1_ed4ec860aa7f80542540f546878a52a3_1593946384_2015696931_3705ce062c-1b6bc17d5bdebd3e.jpeg 641w, https:\/\/www.gemsnk.de\/wp-content\/uploads\/2020\/07\/w641_h424_x319_y228_SZ_86229435_2015696931_RGB_190_1_1_ed4ec860aa7f80542540f546878a52a3_1593946384_2015696931_3705ce062c-1b6bc17d5bdebd3e-300x198.jpeg 300w, https:\/\/www.gemsnk.de\/wp-content\/uploads\/2020\/07\/w641_h424_x319_y228_SZ_86229435_2015696931_RGB_190_1_1_ed4ec860aa7f80542540f546878a52a3_1593946384_2015696931_3705ce062c-1b6bc17d5bdebd3e-408x270.jpeg 408w\" sizes=\"auto, (max-width: 640px) 100vw, 640px\" \/>\t\t\t\t\t\t\t\t\t\t\t<figcaption class=\"widget-image-caption wp-caption-text\">Der Entwurf der neuen Gems Neunkirchen Stadtmitte<\/figcaption>\n\t\t\t\t\t\t\t\t\t\t<\/figure>\n\t\t\t\t\t\t\t\t\t<\/div>\n\t\t\t\t<\/div>\n\t\t\t\t\t<\/div>\n\t\t<\/div>\n\t\t\t\t\t\t\t<\/div>\n\t\t<\/section>\n\t\t\t\t<section class=\"elementor-section elementor-top-section elementor-element elementor-element-3111587 elementor-section-boxed elementor-section-height-default elementor-section-height-default\" data-id=\"3111587\" data-element_type=\"section\">\n\t\t\t\t\t\t<div class=\"elementor-container elementor-column-gap-default\">\n\t\t\t\t\t<div class=\"elementor-column elementor-col-100 elementor-top-column elementor-element elementor-element-a490d54\" data-id=\"a490d54\" data-element_type=\"column\">\n\t\t\t<div class=\"elementor-widget-wrap elementor-element-populated\">\n\t\t\t\t\t\t\t\t<div class=\"elementor-element elementor-element-de5e769 elementor-widget elementor-widget-text-editor\" data-id=\"de5e769\" data-element_type=\"widget\" data-widget_type=\"text-editor.default\">\n\t\t\t\t<div class=\"elementor-widget-container\">\n\t\t\t\t\t\t\t<p>Geplant ist, dass die Schule vier Klassen pro Jahrgang hat und die H\u00e4lfte der Sch\u00fclerinnen und Sch\u00fcler im gebundenen Ganztag unterrichtet werden.<br>Nat\u00fcrlich, so ist sich das Kollegium einig, sollen jetzt die Kinder und Jugendliche schnellstm\u00f6glich&nbsp;wieder in die Schule. Denn Digitalisierung sei eben ein Werkzeug, k\u00f6nne aber den direkten Kontakt und den lebendigen Unterricht nicht ersetzen.<br>Schule ohne Sch\u00fcler \u2013 das denken auch viele der Jugendlichen \u2013 geht gar nicht!<\/p>\t\t\t\t\t\t<\/div>\n\t\t\t\t<\/div>\n\t\t\t\t\t<\/div>\n\t\t<\/div>\n\t\t\t\t\t\t\t<\/div>\n\t\t<\/section>\n\t\t\t\t\t\t\t<\/div>\n\t\t","protected":false},"excerpt":{"rendered":"<p>P\u00e4dagogischer Tag: Kenntnisse des digitalen Lehrens und Lernens werden erweitert \u201eEs ist Wahnsinn, was sich in den letzten 10 Monaten ver\u00e4ndert hat!\u201c \u2013 Diesen Satz steht im Zentrum dessen, was&hellip;<\/p>\n","protected":false},"author":1,"featured_media":2122,"comment_status":"open","ping_status":"open","sticky":false,"template":"","format":"standard","meta":{"_EventAllDay":false,"_EventTimezone":"","_EventStartDate":"","_EventEndDate":"","_EventStartDateUTC":"","_EventEndDateUTC":"","_EventShowMap":false,"_EventShowMapLink":false,"_EventURL":"","_EventCost":"","_EventCostDescription":"","_EventCurrencySymbol":"","_EventCurrencyCode":"","_EventCurrencyPosition":"","_EventDateTimeSeparator":"","_EventTimeRangeSeparator":"","_EventOrganizerID":[],"_EventVenueID":[],"_OrganizerEmail":"","_OrganizerPhone":"","_OrganizerWebsite":"","_VenueAddress":"","_VenueCity":"","_VenueCountry":"","_VenueProvince":"","_VenueState":"","_VenueZip":"","_VenuePhone":"","_VenueURL":"","_VenueStateProvince":"","_VenueLat":"","_VenueLng":"","_VenueShowMap":false,"_VenueShowMapLink":false,"footnotes":""},"categories":[1,7],"tags":[],"class_list":["post-2113","post","type-post","status-publish","format-standard","has-post-thumbnail","hentry","category-allgemein","category-news"],"gutentor_comment":2,"_links":{"self":[{"href":"https:\/\/www.gemsnk.de\/index.php?rest_route=\/wp\/v2\/posts\/2113","targetHints":{"allow":["GET"]}}],"collection":[{"href":"https:\/\/www.gemsnk.de\/index.php?rest_route=\/wp\/v2\/posts"}],"about":[{"href":"https:\/\/www.gemsnk.de\/index.php?rest_route=\/wp\/v2\/types\/post"}],"author":[{"embeddable":true,"href":"https:\/\/www.gemsnk.de\/index.php?rest_route=\/wp\/v2\/users\/1"}],"replies":[{"embeddable":true,"href":"https:\/\/www.gemsnk.de\/index.php?rest_route=%2Fwp%2Fv2%2Fcomments&post=2113"}],"version-history":[{"count":7,"href":"https:\/\/www.gemsnk.de\/index.php?rest_route=\/wp\/v2\/posts\/2113\/revisions"}],"predecessor-version":[{"id":2121,"href":"https:\/\/www.gemsnk.de\/index.php?rest_route=\/wp\/v2\/posts\/2113\/revisions\/2121"}],"wp:featuredmedia":[{"embeddable":true,"href":"https:\/\/www.gemsnk.de\/index.php?rest_route=\/wp\/v2\/media\/2122"}],"wp:attachment":[{"href":"https:\/\/www.gemsnk.de\/index.php?rest_route=%2Fwp%2Fv2%2Fmedia&parent=2113"}],"wp:term":[{"taxonomy":"category","embeddable":true,"href":"https:\/\/www.gemsnk.de\/index.php?rest_route=%2Fwp%2Fv2%2Fcategories&post=2113"},{"taxonomy":"post_tag","embeddable":true,"href":"https:\/\/www.gemsnk.de\/index.php?rest_route=%2Fwp%2Fv2%2Ftags&post=2113"}],"curies":[{"name":"wp","href":"https:\/\/api.w.org\/{rel}","templated":true}]}}