{"id":2009,"date":"2021-01-07T10:02:50","date_gmt":"2021-01-07T09:02:50","guid":{"rendered":"https:\/\/www.gemsnk.de\/?p=2009"},"modified":"2021-01-07T23:54:37","modified_gmt":"2021-01-07T22:54:37","slug":"elementor-2009","status":"publish","type":"post","link":"https:\/\/www.gemsnk.de\/?p=2009","title":{"rendered":"Vorlesewettbewerb 2020\u00a0"},"content":{"rendered":"\t\t<div data-elementor-type=\"wp-post\" data-elementor-id=\"2009\" class=\"elementor elementor-2009\">\n\t\t\t\t\t\t\t\t\t<section class=\"elementor-section elementor-top-section elementor-element elementor-element-c46221d elementor-section-boxed elementor-section-height-default elementor-section-height-default\" data-id=\"c46221d\" data-element_type=\"section\">\n\t\t\t\t\t\t<div class=\"elementor-container elementor-column-gap-default\">\n\t\t\t\t\t<div class=\"elementor-column elementor-col-100 elementor-top-column elementor-element elementor-element-bf4bde8\" data-id=\"bf4bde8\" data-element_type=\"column\">\n\t\t\t<div class=\"elementor-widget-wrap elementor-element-populated\">\n\t\t\t\t\t\t\t\t<div class=\"elementor-element elementor-element-7da46e0 elementor-widget elementor-widget-text-editor\" data-id=\"7da46e0\" data-element_type=\"widget\" data-widget_type=\"text-editor.default\">\n\t\t\t\t<div class=\"elementor-widget-container\">\n\t\t\t\t\t\t\t<p><span data-contrast=\"auto\">Der Vorlesewettbewerb des Deutschen Buchhandels steht\u00a0<\/span><span data-contrast=\"auto\">immer\u00a0<\/span><span data-contrast=\"auto\">unter der Schirmherrschaft des Bundespr\u00e4sidenten und z\u00e4hlt zu den gr\u00f6\u00dften bundesweiten Sch\u00fclerwettbewerben. Der Wettbewerb wird\u00a0<\/span><span data-contrast=\"auto\">auch\u00a0<\/span><span data-contrast=\"auto\">von der Kultusministerkonferenz empfohlen.<\/span><span data-contrast=\"auto\">\u00a0So ist es kein Wunder, dass sich<\/span><span data-contrast=\"auto\">\u00a0<\/span><span data-contrast=\"auto\">jedes Jahr<\/span><span data-contrast=\"auto\">\u00a0<\/span><span data-contrast=\"auto\">r<\/span><span data-contrast=\"auto\">und 600.000 Sch\u00fclerinnen und S<\/span><span data-contrast=\"auto\">ch\u00fcler daran beteiligen<\/span><span data-contrast=\"auto\">. Mitmachen k\u00f6nnen\u00a0<\/span><span data-contrast=\"auto\">\u00fcbrigens\u00a0<\/span><span data-contrast=\"auto\">alle sechsten Schulklassen. Wer gerne liest und Spa\u00df an B\u00fcchern hat, ist eingeladen, sein Lieblingsbuch vorzustellen und eine kurze Passage daraus vorzulesen.<\/span><span data-ccp-props=\"{&quot;201341983&quot;:0,&quot;335559739&quot;:200,&quot;335559740&quot;:276}\">\u00a0<\/span><\/p><p><span data-contrast=\"auto\">Dieses Motto nahmen sich die Sch\u00fcler der beiden Klassen 6a und 6b unserer Schule ebenfalls zum Vorbild und begannen bereits im November 2020 mit den Klassenentscheiden. Alle lesewilligen Sch\u00fcler durften sich daran beteiligen und letzten Endes setzten sich Maria Kaur (6a) und Nadine\u00a0<\/span><span data-contrast=\"auto\">Khetib<\/span><span data-contrast=\"auto\">\u00a0(6b) in ihren Klassen als beste Vorleserinnen durch.<\/span><span data-ccp-props=\"{&quot;201341983&quot;:0,&quot;335559739&quot;:200,&quot;335559740&quot;:276}\">\u00a0<\/span><\/p><p><span data-contrast=\"auto\">Nun konnte es zum Schulentscheid kommen. Am 03. De<\/span><span data-contrast=\"auto\">zember 2020 war es dann so weit.<\/span><span data-contrast=\"auto\">\u00a0Nadine\u00a0<\/span><span data-contrast=\"auto\">Khetib<\/span><span data-contrast=\"auto\">\u00a0las\u00a0<\/span><span data-contrast=\"auto\">aus dem\u00a0<\/span><span data-contrast=\"auto\">Wahltext<\/span><span data-contrast=\"auto\">\u00a0von Jeff\u00a0<\/span><span data-contrast=\"auto\">Kinney<\/span><span data-contrast=\"auto\">:\u00a0<\/span><i><span data-contrast=\"auto\">Gregs Tagebuch 11, Alles K\u00e4se<\/span><\/i><span data-contrast=\"auto\">\u00a0und Maria Kaur aus dem Werk von Sven Gerhardt:\u00a0<\/span><i><span data-contrast=\"auto\">Abenteuer in der\u00a0<\/span><\/i><i><span data-contrast=\"auto\">Megaworld<\/span><\/i><i><span data-contrast=\"auto\">\u00a0<\/span><\/i><span data-contrast=\"auto\">vor. Beide Sch\u00fclerinnen\u00a0<\/span><span data-contrast=\"auto\">durften<\/span><span data-contrast=\"auto\">\u00a0anschlie\u00dfend aus\u00a0<\/span><i><span data-contrast=\"auto\">Der kleine Prinz<\/span><\/i><span data-contrast=\"auto\">\u00a0von\u00a0<\/span><span data-contrast=\"auto\">Antoine de Saint-Exup\u00e9ry<\/span><span data-contrast=\"auto\">\u00a0vorlesen, welcher als Fremdtext diente.<\/span><span data-ccp-props=\"{&quot;201341983&quot;:0,&quot;335559739&quot;:200,&quot;335559740&quot;:276}\">\u00a0<\/span><\/p><p><span data-contrast=\"auto\">Im Zuge dieses Entscheides sieg<\/span><span data-contrast=\"auto\">te Maria Kaur mit 17 Punkten sowie<\/span><span data-contrast=\"auto\">\u00a0zwei Punkten Vorsprung und konnte\u00a0<\/span><span data-contrast=\"auto\">nun\u00a0<\/span><span data-contrast=\"auto\">stolz die Schulsiegerurkunde entgegennehmen.<\/span><span data-ccp-props=\"{&quot;201341983&quot;:0,&quot;335559739&quot;:200,&quot;335559740&quot;:276}\">\u00a0<\/span><\/p>\t\t\t\t\t\t<\/div>\n\t\t\t\t<\/div>\n\t\t\t\t\t<\/div>\n\t\t<\/div>\n\t\t\t\t\t\t\t<\/div>\n\t\t<\/section>\n\t\t\t\t\t\t\t<\/div>\n\t\t","protected":false},"excerpt":{"rendered":"<p>Der Vorlesewettbewerb des Deutschen Buchhandels steht&nbsp;immer&nbsp;unter der Schirmherrschaft des Bundespr\u00e4sidenten und z\u00e4hlt zu den gr\u00f6\u00dften bundesweiten Sch\u00fclerwettbewerben. Der Wettbewerb wird&nbsp;auch&nbsp;von der Kultusministerkonferenz empfohlen.&nbsp;So ist es kein Wunder, dass sich&nbsp;jedes Jahr&nbsp;rund&hellip;<\/p>\n","protected":false},"author":1,"featured_media":2012,"comment_status":"closed","ping_status":"closed","sticky":false,"template":"","format":"standard","meta":{"_EventAllDay":false,"_EventTimezone":"","_EventStartDate":"","_EventEndDate":"","_EventStartDateUTC":"","_EventEndDateUTC":"","_EventShowMap":false,"_EventShowMapLink":false,"_EventURL":"","_EventCost":"","_EventCostDescription":"","_EventCurrencySymbol":"","_EventCurrencyCode":"","_EventCurrencyPosition":"","_EventDateTimeSeparator":"","_EventTimeRangeSeparator":"","_EventOrganizerID":[],"_EventVenueID":[],"_OrganizerEmail":"","_OrganizerPhone":"","_OrganizerWebsite":"","_VenueAddress":"","_VenueCity":"","_VenueCountry":"","_VenueProvince":"","_VenueState":"","_VenueZip":"","_VenuePhone":"","_VenueURL":"","_VenueStateProvince":"","_VenueLat":"","_VenueLng":"","_VenueShowMap":false,"_VenueShowMapLink":false,"footnotes":""},"categories":[7],"tags":[],"class_list":["post-2009","post","type-post","status-publish","format-standard","has-post-thumbnail","hentry","category-news"],"gutentor_comment":0,"_links":{"self":[{"href":"https:\/\/www.gemsnk.de\/index.php?rest_route=\/wp\/v2\/posts\/2009","targetHints":{"allow":["GET"]}}],"collection":[{"href":"https:\/\/www.gemsnk.de\/index.php?rest_route=\/wp\/v2\/posts"}],"about":[{"href":"https:\/\/www.gemsnk.de\/index.php?rest_route=\/wp\/v2\/types\/post"}],"author":[{"embeddable":true,"href":"https:\/\/www.gemsnk.de\/index.php?rest_route=\/wp\/v2\/users\/1"}],"replies":[{"embeddable":true,"href":"https:\/\/www.gemsnk.de\/index.php?rest_route=%2Fwp%2Fv2%2Fcomments&post=2009"}],"version-history":[{"count":6,"href":"https:\/\/www.gemsnk.de\/index.php?rest_route=\/wp\/v2\/posts\/2009\/revisions"}],"predecessor-version":[{"id":2016,"href":"https:\/\/www.gemsnk.de\/index.php?rest_route=\/wp\/v2\/posts\/2009\/revisions\/2016"}],"wp:featuredmedia":[{"embeddable":true,"href":"https:\/\/www.gemsnk.de\/index.php?rest_route=\/wp\/v2\/media\/2012"}],"wp:attachment":[{"href":"https:\/\/www.gemsnk.de\/index.php?rest_route=%2Fwp%2Fv2%2Fmedia&parent=2009"}],"wp:term":[{"taxonomy":"category","embeddable":true,"href":"https:\/\/www.gemsnk.de\/index.php?rest_route=%2Fwp%2Fv2%2Fcategories&post=2009"},{"taxonomy":"post_tag","embeddable":true,"href":"https:\/\/www.gemsnk.de\/index.php?rest_route=%2Fwp%2Fv2%2Ftags&post=2009"}],"curies":[{"name":"wp","href":"https:\/\/api.w.org\/{rel}","templated":true}]}}