{"id":1615,"date":"2020-08-20T10:40:22","date_gmt":"2020-08-20T08:40:22","guid":{"rendered":"https:\/\/www.gemsnk.de\/?p=1615"},"modified":"2020-08-23T10:54:06","modified_gmt":"2020-08-23T08:54:06","slug":"erster-schultag-der-landrat-und-die","status":"publish","type":"post","link":"https:\/\/www.gemsnk.de\/?p=1615","title":{"rendered":"Schulstart an der GemS Stadtmitte mit Bildungsministerin Streichert \u2013 Clivot und Landrat Meng"},"content":{"rendered":"\t\t<div data-elementor-type=\"wp-post\" data-elementor-id=\"1615\" class=\"elementor elementor-1615\">\n\t\t\t\t\t\t\t\t\t<section class=\"elementor-section elementor-top-section elementor-element elementor-element-6d5aca7 elementor-section-boxed elementor-section-height-default elementor-section-height-default\" data-id=\"6d5aca7\" data-element_type=\"section\">\n\t\t\t\t\t\t<div class=\"elementor-container elementor-column-gap-default\">\n\t\t\t\t\t<div class=\"elementor-column elementor-col-100 elementor-top-column elementor-element elementor-element-0c222cc\" data-id=\"0c222cc\" data-element_type=\"column\">\n\t\t\t<div class=\"elementor-widget-wrap elementor-element-populated\">\n\t\t\t\t\t\t\t\t<div class=\"elementor-element elementor-element-e7a31d0 elementor-widget elementor-widget-heading\" data-id=\"e7a31d0\" data-element_type=\"widget\" data-widget_type=\"heading.default\">\n\t\t\t\t<div class=\"elementor-widget-container\">\n\t\t\t<h2 class=\"elementor-heading-title elementor-size-default\"><span style=\"color: rgb(122, 122, 122); font-size: 18px; font-weight: 400; white-space: normal;\">Prominenten Besuch konnte unsere Schule zum Start ins neue Schuljahr 2020\/2021 begr\u00fc\u00dfen:<\/span><\/h2>\t\t<\/div>\n\t\t\t\t<\/div>\n\t\t\t\t\t<\/div>\n\t\t<\/div>\n\t\t\t\t\t\t\t<\/div>\n\t\t<\/section>\n\t\t\t\t<section class=\"elementor-section elementor-top-section elementor-element elementor-element-1ef64ce elementor-section-boxed elementor-section-height-default elementor-section-height-default\" data-id=\"1ef64ce\" data-element_type=\"section\">\n\t\t\t\t\t\t<div class=\"elementor-container elementor-column-gap-default\">\n\t\t\t\t\t<div class=\"elementor-column elementor-col-100 elementor-top-column elementor-element elementor-element-e6c27ef\" data-id=\"e6c27ef\" data-element_type=\"column\">\n\t\t\t<div class=\"elementor-widget-wrap elementor-element-populated\">\n\t\t\t\t\t\t\t\t<div class=\"elementor-element elementor-element-dad6d08 elementor-widget elementor-widget-image\" data-id=\"dad6d08\" data-element_type=\"widget\" data-widget_type=\"image.default\">\n\t\t\t\t<div class=\"elementor-widget-container\">\n\t\t\t\t\t\t\t\t\t\t\t\t\t\t\t\t<a href=\"https:\/\/www.gemsnk.de\/wp-content\/uploads\/2020\/08\/IMG_1301-scaled.jpg\" data-elementor-open-lightbox=\"yes\" data-elementor-lightbox-title=\"IMG_1301\" data-e-action-hash=\"#elementor-action%3Aaction%3Dlightbox%26settings%3DeyJpZCI6MTYyOSwidXJsIjoiaHR0cHM6XC9cL3d3dy5nZW1zbmsuZGVcL3dwLWNvbnRlbnRcL3VwbG9hZHNcLzIwMjBcLzA4XC9JTUdfMTMwMS1zY2FsZWQuanBnIn0%3D\">\n\t\t\t\t\t\t\t<img loading=\"lazy\" decoding=\"async\" width=\"640\" height=\"360\" src=\"https:\/\/www.gemsnk.de\/wp-content\/uploads\/2020\/08\/IMG_1301-1024x576.jpg\" class=\"attachment-large size-large wp-image-1629\" alt=\"\" srcset=\"https:\/\/www.gemsnk.de\/wp-content\/uploads\/2020\/08\/IMG_1301-1024x576.jpg 1024w, https:\/\/www.gemsnk.de\/wp-content\/uploads\/2020\/08\/IMG_1301-300x169.jpg 300w, https:\/\/www.gemsnk.de\/wp-content\/uploads\/2020\/08\/IMG_1301-768x432.jpg 768w, https:\/\/www.gemsnk.de\/wp-content\/uploads\/2020\/08\/IMG_1301-1536x864.jpg 1536w, https:\/\/www.gemsnk.de\/wp-content\/uploads\/2020\/08\/IMG_1301-2048x1152.jpg 2048w, https:\/\/www.gemsnk.de\/wp-content\/uploads\/2020\/08\/IMG_1301-480x270.jpg 480w\" sizes=\"auto, (max-width: 640px) 100vw, 640px\" \/>\t\t\t\t\t\t\t\t<\/a>\n\t\t\t\t\t\t\t\t\t\t\t\t\t\t\t<\/div>\n\t\t\t\t<\/div>\n\t\t\t\t\t<\/div>\n\t\t<\/div>\n\t\t\t\t\t\t\t<\/div>\n\t\t<\/section>\n\t\t\t\t<section class=\"elementor-section elementor-top-section elementor-element elementor-element-b95c948 elementor-section-boxed elementor-section-height-default elementor-section-height-default\" data-id=\"b95c948\" data-element_type=\"section\">\n\t\t\t\t\t\t<div class=\"elementor-container elementor-column-gap-default\">\n\t\t\t\t\t<div class=\"elementor-column elementor-col-100 elementor-top-column elementor-element elementor-element-50b805e\" data-id=\"50b805e\" data-element_type=\"column\">\n\t\t\t<div class=\"elementor-widget-wrap elementor-element-populated\">\n\t\t\t\t\t\t\t\t<div class=\"elementor-element elementor-element-3d012d9 elementor-widget elementor-widget-text-editor\" data-id=\"3d012d9\" data-element_type=\"widget\" data-widget_type=\"text-editor.default\">\n\t\t\t\t<div class=\"elementor-widget-container\">\n\t\t\t\t\t\t\t<p>Die saarl\u00e4ndische Bildungsministerin Christine Streichert \u2013 Clivot und der Neunkircher Landrat S\u00f6ren Meng hatten sich zum Schulstart nach den Sommerferien angek\u00fcndigt und erlebten die Wiederaufnahme des Regelschulbetriebs im Saarland unter Corona \u2013 Bedingungen live vor Ort bei uns mit.<\/p>\t\t\t\t\t\t<\/div>\n\t\t\t\t<\/div>\n\t\t\t\t\t<\/div>\n\t\t<\/div>\n\t\t\t\t\t\t\t<\/div>\n\t\t<\/section>\n\t\t\t\t<section class=\"elementor-section elementor-top-section elementor-element elementor-element-1854f44 elementor-section-boxed elementor-section-height-default elementor-section-height-default\" data-id=\"1854f44\" data-element_type=\"section\">\n\t\t\t\t\t\t<div class=\"elementor-container elementor-column-gap-default\">\n\t\t\t\t\t<div class=\"elementor-column elementor-col-100 elementor-top-column elementor-element elementor-element-fc74fb9\" data-id=\"fc74fb9\" data-element_type=\"column\">\n\t\t\t<div class=\"elementor-widget-wrap elementor-element-populated\">\n\t\t\t\t\t\t\t\t<div class=\"elementor-element elementor-element-4a1708a elementor-widget elementor-widget-image\" data-id=\"4a1708a\" data-element_type=\"widget\" data-widget_type=\"image.default\">\n\t\t\t\t<div class=\"elementor-widget-container\">\n\t\t\t\t\t\t\t\t\t\t\t\t\t\t\t\t<a href=\"https:\/\/www.gemsnk.de\/wp-content\/uploads\/2020\/08\/IMG_E1295-scaled.jpg\" data-elementor-open-lightbox=\"yes\" data-elementor-lightbox-title=\"IMG_E1295\" data-e-action-hash=\"#elementor-action%3Aaction%3Dlightbox%26settings%3DeyJpZCI6MTYzMCwidXJsIjoiaHR0cHM6XC9cL3d3dy5nZW1zbmsuZGVcL3dwLWNvbnRlbnRcL3VwbG9hZHNcLzIwMjBcLzA4XC9JTUdfRTEyOTUtc2NhbGVkLmpwZyJ9\">\n\t\t\t\t\t\t\t<img loading=\"lazy\" decoding=\"async\" width=\"640\" height=\"358\" src=\"https:\/\/www.gemsnk.de\/wp-content\/uploads\/2020\/08\/IMG_E1295-1024x573.jpg\" class=\"attachment-large size-large wp-image-1630\" alt=\"\" srcset=\"https:\/\/www.gemsnk.de\/wp-content\/uploads\/2020\/08\/IMG_E1295-1024x573.jpg 1024w, https:\/\/www.gemsnk.de\/wp-content\/uploads\/2020\/08\/IMG_E1295-300x168.jpg 300w, https:\/\/www.gemsnk.de\/wp-content\/uploads\/2020\/08\/IMG_E1295-768x430.jpg 768w, https:\/\/www.gemsnk.de\/wp-content\/uploads\/2020\/08\/IMG_E1295-1536x860.jpg 1536w, https:\/\/www.gemsnk.de\/wp-content\/uploads\/2020\/08\/IMG_E1295-2048x1147.jpg 2048w, https:\/\/www.gemsnk.de\/wp-content\/uploads\/2020\/08\/IMG_E1295-482x270.jpg 482w\" sizes=\"auto, (max-width: 640px) 100vw, 640px\" \/>\t\t\t\t\t\t\t\t<\/a>\n\t\t\t\t\t\t\t\t\t\t\t\t\t\t\t<\/div>\n\t\t\t\t<\/div>\n\t\t\t\t\t<\/div>\n\t\t<\/div>\n\t\t\t\t\t\t\t<\/div>\n\t\t<\/section>\n\t\t\t\t<section class=\"elementor-section elementor-top-section elementor-element elementor-element-97ee21e elementor-section-boxed elementor-section-height-default elementor-section-height-default\" data-id=\"97ee21e\" data-element_type=\"section\">\n\t\t\t\t\t\t<div class=\"elementor-container elementor-column-gap-default\">\n\t\t\t\t\t<div class=\"elementor-column elementor-col-100 elementor-top-column elementor-element elementor-element-15f06ef\" data-id=\"15f06ef\" data-element_type=\"column\">\n\t\t\t<div class=\"elementor-widget-wrap elementor-element-populated\">\n\t\t\t\t\t\t\t\t<div class=\"elementor-element elementor-element-2eb5995 elementor-widget elementor-widget-text-editor\" data-id=\"2eb5995\" data-element_type=\"widget\" data-widget_type=\"text-editor.default\">\n\t\t\t\t<div class=\"elementor-widget-container\">\n\t\t\t\t\t\t\t<p>Ministerin Streichert \u2013 Clivot nutzte dabei die M\u00f6glichkeit, selbst in 2 Klassen der Klassenstufe 7 am Unterricht teilzunehmen und mit den Sch\u00fclern \u00fcber deren Gef\u00fchle und \u00c4ngste bei der Wiederaufnahme des Schulbetriebs f\u00fcr alle Klassen zu sprechen.\u00a0<\/p><p>\u00dcbereinstimmend war dabei durchweg die Meinung unserer Siebtkl\u00e4ssler: alle sind froh, dass endlich wieder Schule stattfindet!<\/p>\t\t\t\t\t\t<\/div>\n\t\t\t\t<\/div>\n\t\t\t\t\t<\/div>\n\t\t<\/div>\n\t\t\t\t\t\t\t<\/div>\n\t\t<\/section>\n\t\t\t\t<section class=\"elementor-section elementor-top-section elementor-element elementor-element-b78292b elementor-section-boxed elementor-section-height-default elementor-section-height-default\" data-id=\"b78292b\" data-element_type=\"section\">\n\t\t\t\t\t\t<div class=\"elementor-container elementor-column-gap-default\">\n\t\t\t\t\t<div class=\"elementor-column elementor-col-100 elementor-top-column elementor-element elementor-element-273715e\" data-id=\"273715e\" data-element_type=\"column\">\n\t\t\t<div class=\"elementor-widget-wrap elementor-element-populated\">\n\t\t\t\t\t\t\t\t<div class=\"elementor-element elementor-element-8202c57 elementor-widget elementor-widget-image\" data-id=\"8202c57\" data-element_type=\"widget\" data-widget_type=\"image.default\">\n\t\t\t\t<div class=\"elementor-widget-container\">\n\t\t\t\t\t\t\t\t\t\t\t\t\t\t\t\t<a href=\"https:\/\/www.gemsnk.de\/wp-content\/uploads\/2020\/08\/IMG_4839-scaled.jpg\" data-elementor-open-lightbox=\"yes\" data-elementor-lightbox-title=\"IMG_4839\" data-e-action-hash=\"#elementor-action%3Aaction%3Dlightbox%26settings%3DeyJpZCI6MTYzMSwidXJsIjoiaHR0cHM6XC9cL3d3dy5nZW1zbmsuZGVcL3dwLWNvbnRlbnRcL3VwbG9hZHNcLzIwMjBcLzA4XC9JTUdfNDgzOS1zY2FsZWQuanBnIn0%3D\">\n\t\t\t\t\t\t\t<img loading=\"lazy\" decoding=\"async\" width=\"640\" height=\"396\" src=\"https:\/\/www.gemsnk.de\/wp-content\/uploads\/2020\/08\/IMG_4839-1024x633.jpg\" class=\"attachment-large size-large wp-image-1631\" alt=\"\" srcset=\"https:\/\/www.gemsnk.de\/wp-content\/uploads\/2020\/08\/IMG_4839-1024x633.jpg 1024w, https:\/\/www.gemsnk.de\/wp-content\/uploads\/2020\/08\/IMG_4839-300x185.jpg 300w, https:\/\/www.gemsnk.de\/wp-content\/uploads\/2020\/08\/IMG_4839-768x475.jpg 768w, https:\/\/www.gemsnk.de\/wp-content\/uploads\/2020\/08\/IMG_4839-1536x949.jpg 1536w, https:\/\/www.gemsnk.de\/wp-content\/uploads\/2020\/08\/IMG_4839-2048x1266.jpg 2048w, https:\/\/www.gemsnk.de\/wp-content\/uploads\/2020\/08\/IMG_4839-437x270.jpg 437w\" sizes=\"auto, (max-width: 640px) 100vw, 640px\" \/>\t\t\t\t\t\t\t\t<\/a>\n\t\t\t\t\t\t\t\t\t\t\t\t\t\t\t<\/div>\n\t\t\t\t<\/div>\n\t\t\t\t<div class=\"elementor-element elementor-element-d4d1ad7 elementor-widget elementor-widget-text-editor\" data-id=\"d4d1ad7\" data-element_type=\"widget\" data-widget_type=\"text-editor.default\">\n\t\t\t\t<div class=\"elementor-widget-container\">\n\t\t\t\t\t\t\t<p>In einem Informationsgespr\u00e4ch mit der Schulleitung, an dem auch Karin Elsner als Referatsleiterin der Gemeinschaftsschulen im Bildungsministerium teilnahm, wurden die zahlreichen organisatorischen Planungen und Schwierigkeiten bei der Umsetzung des Hygieneplanes angesprochen, so u.a. die Benutzung unterschiedlicher Eing\u00e4nge und Pausenhofbereiche f\u00fcr die einzelnen Klassenstufen, die Probleme des Bustransportes oder die konkreten Hygienema\u00dfnahmen im Schulgeb\u00e4ude wie Desinfektion oder Maskenpflicht sowie deren Kontrolle.<\/p><p>Bildungsministerin Streichert \u2013 Clivot betonte abschlie\u00dfend, dass es nach der Zeit der Schulschlie\u00dfungen seit M\u00e4rz das wichtigste Ziel der saarl\u00e4ndischen Landesregierung und ihres Ministeriums sei, den Pr\u00e4senzunterricht f\u00fcr alle Sch\u00fcler mit den entsprechenden Hygienekonzepten in allen Schulen des Saarlandes wieder zu erm\u00f6glichen. Sie dankte allen Lehrern, Sch\u00fclern und der Schulleitung \u2013 stellvertretend f\u00fcr alle Schulen des Saarlandes \u2013 f\u00fcr ihren Einsatz bei der Umsetzung der Hygienekonzepte in den Schulen und der Wiedereinf\u00fchrung des Pr\u00e4senzunterrichtes f\u00fcr alle Sch\u00fcler.\u00a0 \u00a0Text und Bild: rki<\/p><p>\u00a0<\/p>\t\t\t\t\t\t<\/div>\n\t\t\t\t<\/div>\n\t\t\t\t\t<\/div>\n\t\t<\/div>\n\t\t\t\t\t\t\t<\/div>\n\t\t<\/section>\n\t\t\t\t\t\t\t<\/div>\n\t\t","protected":false},"excerpt":{"rendered":"<p>Prominenten Besuch konnte unsere Schule zum Start ins neue Schuljahr 2020\/2021 begr\u00fc\u00dfen: Die saarl\u00e4ndische Bildungsministerin Christine Streichert \u2013 Clivot und der Neunkircher Landrat S\u00f6ren Meng hatten sich zum Schulstart nach&hellip;<\/p>\n","protected":false},"author":1,"featured_media":1630,"comment_status":"open","ping_status":"open","sticky":false,"template":"","format":"standard","meta":{"_EventAllDay":false,"_EventTimezone":"","_EventStartDate":"","_EventEndDate":"","_EventStartDateUTC":"","_EventEndDateUTC":"","_EventShowMap":false,"_EventShowMapLink":false,"_EventURL":"","_EventCost":"","_EventCostDescription":"","_EventCurrencySymbol":"","_EventCurrencyCode":"","_EventCurrencyPosition":"","_EventDateTimeSeparator":"","_EventTimeRangeSeparator":"","_EventOrganizerID":[],"_EventVenueID":[],"_OrganizerEmail":"","_OrganizerPhone":"","_OrganizerWebsite":"","_VenueAddress":"","_VenueCity":"","_VenueCountry":"","_VenueProvince":"","_VenueState":"","_VenueZip":"","_VenuePhone":"","_VenueURL":"","_VenueStateProvince":"","_VenueLat":"","_VenueLng":"","_VenueShowMap":false,"_VenueShowMapLink":false,"footnotes":""},"categories":[7],"tags":[],"class_list":["post-1615","post","type-post","status-publish","format-standard","has-post-thumbnail","hentry","category-news"],"gutentor_comment":31,"_links":{"self":[{"href":"https:\/\/www.gemsnk.de\/index.php?rest_route=\/wp\/v2\/posts\/1615","targetHints":{"allow":["GET"]}}],"collection":[{"href":"https:\/\/www.gemsnk.de\/index.php?rest_route=\/wp\/v2\/posts"}],"about":[{"href":"https:\/\/www.gemsnk.de\/index.php?rest_route=\/wp\/v2\/types\/post"}],"author":[{"embeddable":true,"href":"https:\/\/www.gemsnk.de\/index.php?rest_route=\/wp\/v2\/users\/1"}],"replies":[{"embeddable":true,"href":"https:\/\/www.gemsnk.de\/index.php?rest_route=%2Fwp%2Fv2%2Fcomments&post=1615"}],"version-history":[{"count":8,"href":"https:\/\/www.gemsnk.de\/index.php?rest_route=\/wp\/v2\/posts\/1615\/revisions"}],"predecessor-version":[{"id":1637,"href":"https:\/\/www.gemsnk.de\/index.php?rest_route=\/wp\/v2\/posts\/1615\/revisions\/1637"}],"wp:featuredmedia":[{"embeddable":true,"href":"https:\/\/www.gemsnk.de\/index.php?rest_route=\/wp\/v2\/media\/1630"}],"wp:attachment":[{"href":"https:\/\/www.gemsnk.de\/index.php?rest_route=%2Fwp%2Fv2%2Fmedia&parent=1615"}],"wp:term":[{"taxonomy":"category","embeddable":true,"href":"https:\/\/www.gemsnk.de\/index.php?rest_route=%2Fwp%2Fv2%2Fcategories&post=1615"},{"taxonomy":"post_tag","embeddable":true,"href":"https:\/\/www.gemsnk.de\/index.php?rest_route=%2Fwp%2Fv2%2Ftags&post=1615"}],"curies":[{"name":"wp","href":"https:\/\/api.w.org\/{rel}","templated":true}]}}