{"id":1539,"date":"2020-07-09T20:29:14","date_gmt":"2020-07-09T18:29:14","guid":{"rendered":"https:\/\/www.gemsnk.de\/?p=1539"},"modified":"2020-07-09T21:01:05","modified_gmt":"2020-07-09T19:01:05","slug":"elementor-1539","status":"publish","type":"post","link":"https:\/\/www.gemsnk.de\/?p=1539","title":{"rendered":"NEUBAU SCHULE STADTMITTE NEUNKIRCHEN F\u00dcR 20 MILLIONEN EURO GEPLANT"},"content":{"rendered":"\t\t<div data-elementor-type=\"wp-post\" data-elementor-id=\"1539\" class=\"elementor elementor-1539\">\n\t\t\t\t\t\t\t\t\t<section class=\"elementor-section elementor-top-section elementor-element elementor-element-70d0d5f elementor-section-boxed elementor-section-height-default elementor-section-height-default\" data-id=\"70d0d5f\" data-element_type=\"section\">\n\t\t\t\t\t\t<div class=\"elementor-container elementor-column-gap-default\">\n\t\t\t\t\t\t\t\t<\/div>\n\t\t<\/section>\n\t\t\t\t<section class=\"elementor-section elementor-top-section elementor-element elementor-element-0b55b4d elementor-section-boxed elementor-section-height-default elementor-section-height-default\" data-id=\"0b55b4d\" data-element_type=\"section\">\n\t\t\t\t\t\t<div class=\"elementor-container elementor-column-gap-default\">\n\t\t\t\t\t<div class=\"elementor-column elementor-col-100 elementor-top-column elementor-element elementor-element-ce010bf\" data-id=\"ce010bf\" data-element_type=\"column\">\n\t\t\t<div class=\"elementor-widget-wrap elementor-element-populated\">\n\t\t\t\t\t\t\t\t<div class=\"elementor-element elementor-element-97de24a elementor-widget elementor-widget-heading\" data-id=\"97de24a\" data-element_type=\"widget\" data-widget_type=\"heading.default\">\n\t\t\t\t<div class=\"elementor-widget-container\">\n\t\t\t<h2 class=\"elementor-heading-title elementor-size-default\"><span style=\"color: rgb(122, 122, 122); font-size: 18px; font-weight: 400; white-space: normal;\">Rieseninvestition in Neunkirchen<\/span><\/h2>\t\t<\/div>\n\t\t\t\t<\/div>\n\t\t\t\t\t<\/div>\n\t\t<\/div>\n\t\t\t\t\t\t\t<\/div>\n\t\t<\/section>\n\t\t\t\t<section class=\"elementor-section elementor-top-section elementor-element elementor-element-6480869 elementor-section-boxed elementor-section-height-default elementor-section-height-default\" data-id=\"6480869\" data-element_type=\"section\">\n\t\t\t\t\t\t<div class=\"elementor-container elementor-column-gap-default\">\n\t\t\t\t\t<div class=\"elementor-column elementor-col-100 elementor-top-column elementor-element elementor-element-b411148\" data-id=\"b411148\" data-element_type=\"column\">\n\t\t\t<div class=\"elementor-widget-wrap elementor-element-populated\">\n\t\t\t\t\t\t\t\t<div class=\"elementor-element elementor-element-f27c485 elementor-widget elementor-widget-text-editor\" data-id=\"f27c485\" data-element_type=\"widget\" data-widget_type=\"text-editor.default\">\n\t\t\t\t<div class=\"elementor-widget-container\">\n\t\t\t\t\t\t\t\t\t\t\t\t\t<\/div>\n\t\t\t\t<\/div>\n\t\t\t\t<div class=\"elementor-element elementor-element-a45ccdf elementor-widget elementor-widget-image\" data-id=\"a45ccdf\" data-element_type=\"widget\" data-widget_type=\"image.default\">\n\t\t\t\t<div class=\"elementor-widget-container\">\n\t\t\t\t\t\t\t\t\t\t\t\t<figure class=\"wp-caption\">\n\t\t\t\t\t\t\t\t\t\t<img loading=\"lazy\" decoding=\"async\" width=\"640\" height=\"423\" src=\"https:\/\/www.gemsnk.de\/wp-content\/uploads\/2020\/07\/w641_h424_x319_y228_SZ_86229435_2015696931_RGB_190_1_1_ed4ec860aa7f80542540f546878a52a3_1593946384_2015696931_3705ce062c-1b6bc17d5bdebd3e.jpeg\" class=\"attachment-large size-large wp-image-1541\" alt=\"\" srcset=\"https:\/\/www.gemsnk.de\/wp-content\/uploads\/2020\/07\/w641_h424_x319_y228_SZ_86229435_2015696931_RGB_190_1_1_ed4ec860aa7f80542540f546878a52a3_1593946384_2015696931_3705ce062c-1b6bc17d5bdebd3e.jpeg 641w, https:\/\/www.gemsnk.de\/wp-content\/uploads\/2020\/07\/w641_h424_x319_y228_SZ_86229435_2015696931_RGB_190_1_1_ed4ec860aa7f80542540f546878a52a3_1593946384_2015696931_3705ce062c-1b6bc17d5bdebd3e-300x198.jpeg 300w, https:\/\/www.gemsnk.de\/wp-content\/uploads\/2020\/07\/w641_h424_x319_y228_SZ_86229435_2015696931_RGB_190_1_1_ed4ec860aa7f80542540f546878a52a3_1593946384_2015696931_3705ce062c-1b6bc17d5bdebd3e-408x270.jpeg 408w\" sizes=\"auto, (max-width: 640px) 100vw, 640px\" \/>\t\t\t\t\t\t\t\t\t\t\t<figcaption class=\"widget-image-caption wp-caption-text\">Neubau f\u00fcr knapp 20 Millionen geplant. Preistr\u00e4ger des Architektenwettbewerbs gehen von Abriss der bestehenden Geb\u00e4ude in Neunkirchen aus.<\/figcaption>\n\t\t\t\t\t\t\t\t\t\t<\/figure>\n\t\t\t\t\t\t\t\t\t<\/div>\n\t\t\t\t<\/div>\n\t\t\t\t\t<\/div>\n\t\t<\/div>\n\t\t\t\t\t\t\t<\/div>\n\t\t<\/section>\n\t\t\t\t<section class=\"elementor-section elementor-top-section elementor-element elementor-element-3c01dbb elementor-section-boxed elementor-section-height-default elementor-section-height-default\" data-id=\"3c01dbb\" data-element_type=\"section\">\n\t\t\t\t\t\t<div class=\"elementor-container elementor-column-gap-default\">\n\t\t\t\t\t<div class=\"elementor-column elementor-col-100 elementor-top-column elementor-element elementor-element-c1e2f56\" data-id=\"c1e2f56\" data-element_type=\"column\">\n\t\t\t<div class=\"elementor-widget-wrap\">\n\t\t\t\t\t\t\t\t\t<\/div>\n\t\t<\/div>\n\t\t\t\t\t\t\t<\/div>\n\t\t<\/section>\n\t\t\t\t<section class=\"elementor-section elementor-top-section elementor-element elementor-element-32ce239 elementor-section-boxed elementor-section-height-default elementor-section-height-default\" data-id=\"32ce239\" data-element_type=\"section\">\n\t\t\t\t\t\t<div class=\"elementor-container elementor-column-gap-default\">\n\t\t\t\t\t<div class=\"elementor-column elementor-col-100 elementor-top-column elementor-element elementor-element-2869d9b\" data-id=\"2869d9b\" data-element_type=\"column\">\n\t\t\t<div class=\"elementor-widget-wrap elementor-element-populated\">\n\t\t\t\t\t\t\t\t<div class=\"elementor-element elementor-element-b46e955 elementor-widget elementor-widget-text-editor\" data-id=\"b46e955\" data-element_type=\"widget\" data-widget_type=\"text-editor.default\">\n\t\t\t\t<div class=\"elementor-widget-container\">\n\t\t\t\t\t\t\t<div class=\"park-article-content\">\n<p class=\"text_ohne_einzug\">Wenn eine Schule mitten in der Stadt liegt, tr\u00e4gt ihr \u00c4u\u00dferes auch entscheidend zum Stadtbild bei. Die Gemeinschaftsschule Stadtmitte zeigt dies schon in ihrem Namen an. Nun ist die Schule nicht nur in die Jahre gekommen, sondern nach den Worten von Landrat S\u00f6ren Meng sogar \u201emarode, und der Platz reicht vorne und hinten nicht\u201c. So m\u00fcssen die 366 Sch\u00fcler sogar an zwei Standorten, n\u00e4mlich Neunkirchen Lutherstra\u00dfe und Wiebelskirchen, unterrichtet werden.<\/p>\n<\/div>\n<div class=\"park-article-content\">\n<p class=\"text\">Der Landkreis Neunkirchen als Schultr\u00e4ger hat einen Architektenwettbewerb ausgelobt, der den Teilnehmern nicht vorgab, ob die Schule saniert und erweitert oder neu gebaut werden sollte. Das Ergebnis wurde nun pr\u00e4sentiert: Alle Teilnehmer des Wettbewerbs gehen von einem Neubau aus, der auch das Gel\u00e4nde der ehemaligen Stadtbibliothek miteinbezieht. Das hei\u00dft, dass das seit gut f\u00fcnf Jahren leer stehende Geb\u00e4ude nach einem Ankauf von der Stadt (Gespr\u00e4che dazu laufen) abgerissen werden m\u00fcsste. Vor der Coronapandemie ist man von einer Fertigstellung im Jahr 2025 ausgegangen. Im Raum steht eine Investition von knapp 20 Millionen Euro, die jedoch nur mithilfe von F\u00f6rdergeldern zu finanzieren w\u00e4re.<\/p>\n<\/div>\t\t\t\t\t\t<\/div>\n\t\t\t\t<\/div>\n\t\t\t\t\t<\/div>\n\t\t<\/div>\n\t\t\t\t\t\t\t<\/div>\n\t\t<\/section>\n\t\t\t\t<section class=\"elementor-section elementor-top-section elementor-element elementor-element-654fb5f elementor-section-boxed elementor-section-height-default elementor-section-height-default\" data-id=\"654fb5f\" data-element_type=\"section\">\n\t\t\t\t\t\t<div class=\"elementor-container elementor-column-gap-default\">\n\t\t\t\t\t<div class=\"elementor-column elementor-col-100 elementor-top-column elementor-element elementor-element-ce20a23\" data-id=\"ce20a23\" data-element_type=\"column\">\n\t\t\t<div class=\"elementor-widget-wrap elementor-element-populated\">\n\t\t\t\t\t\t\t\t<div class=\"elementor-element elementor-element-2c56590 elementor-view-default elementor-position-top elementor-mobile-position-top elementor-widget elementor-widget-icon-box\" data-id=\"2c56590\" data-element_type=\"widget\" data-widget_type=\"icon-box.default\">\n\t\t\t\t<div class=\"elementor-widget-container\">\n\t\t\t\t\t<div class=\"elementor-icon-box-wrapper\">\n\t\t\t\t\t\t<div class=\"elementor-icon-box-icon\">\n\t\t\t\t<span  class=\"elementor-icon elementor-animation-\">\n\t\t\t\t<i aria-hidden=\"true\" class=\"fas fa-info\"><\/i>\t\t\t\t<\/span>\n\t\t\t<\/div>\n\t\t\t\t\t\t<div class=\"elementor-icon-box-content\">\n\t\t\t\t<h3 class=\"elementor-icon-box-title\">\n\t\t\t\t\t<span  >\n\t\t\t\t\t\tPreistr\u00e4ger und Ank\u00e4ufe des Wettbewerbs\t\t\t\t\t<\/span>\n\t\t\t\t<\/h3>\n\t\t\t\t\t\t\t\t\t<p class=\"elementor-icon-box-description\">\n\t\t\t\t\t\t\nDie Preistr\u00e4ger: Erster Preis: Architektenbuero S.A, Luxemberg, zweiter Preis: pmva GmbH + Troi Architekten PartG mbB, Aachen, dritter Preis: 4a Architekten, Stuttgart; vierter Preis: ARUS GmbH, P\u00fcttlingen; f\u00fcnfter Preis: Kohlmayer Oberst Architekten, Stuttgart.\n\nAnk\u00e4ufe: Flosundk architektur, Saarbr\u00fccken; Planungsgesellschaft J\u00f6rg K\u00fchn, Eppelborn; Frett + Bruncken, K\u00f6ln.\t\t\t\t\t<\/p>\n\t\t\t\t\t\t\t<\/div>\n\t\t<\/div>\n\t\t\t\t<\/div>\n\t\t\t\t<\/div>\n\t\t\t\t\t<\/div>\n\t\t<\/div>\n\t\t\t\t\t\t\t<\/div>\n\t\t<\/section>\n\t\t\t\t<section class=\"elementor-section elementor-top-section elementor-element elementor-element-7944658 elementor-section-boxed elementor-section-height-default elementor-section-height-default\" data-id=\"7944658\" data-element_type=\"section\">\n\t\t\t\t\t\t<div class=\"elementor-container elementor-column-gap-default\">\n\t\t\t\t\t<div class=\"elementor-column elementor-col-100 elementor-top-column elementor-element elementor-element-27ea348\" data-id=\"27ea348\" data-element_type=\"column\">\n\t\t\t<div class=\"elementor-widget-wrap elementor-element-populated\">\n\t\t\t\t\t\t\t\t<div class=\"elementor-element elementor-element-794c0e4 elementor-widget elementor-widget-text-editor\" data-id=\"794c0e4\" data-element_type=\"widget\" data-widget_type=\"text-editor.default\">\n\t\t\t\t<div class=\"elementor-widget-container\">\n\t\t\t\t\t\t\t<p>Doch so weit ist es noch lange nicht. Mit dem Wettbewerb habe man ergr\u00fcnden wollen, welches Potential dieser Bereich habe, obwohl er sehr begrenzt sei, erkl\u00e4rte Meng bei der Preisvergabe im Innenhof des Landratsamts Saarbr\u00fccker Stra\u00dfe. Vorgabe war eine vierz\u00fcgige Gemeinschaftsschule mit teilgebundenem Ganztag. Der erste Preistr\u00e4ger von insgesamt f\u00fcnf ausgezeichneten Beitr\u00e4gen ist das \u201eArchitektenbuero S.A.\u201c im luxemburgischen Remich. Das neunk\u00f6pfige Preisgericht unter der Leitung von Professor Andrea Wandel pr\u00e4mierte insgesamt f\u00fcnf Beitr\u00e4ge, au\u00dferdem wurden drei Ank\u00e4ufe von 19 eingereichten Beitr\u00e4gen geleistet. Das hei\u00dft, dass der Kreistag unter acht Vorschl\u00e4gen f\u00fcr einen Neubau entscheiden kann. Die Jury pr\u00e4ferierte \u2013 \u00fcbrigens einstimmig \u2013 den \u201eklaren, unaufgeregten und kompakten\u201c Entwurf des Luxemburger B\u00fcros. In dessen Erl\u00e4uterungsbericht hei\u00dft es unter anderem: \u201eDas Geb\u00e4ude nimmt zum Unteren Markt hin die Lage des Bestandsbaus auf, so dass der Markt gefasst bleibt; zur Lutherstra\u00dfe wird der Stra\u00dfenraum jedoch klarer definiert. Die Stra\u00dfenfassaden sind dreigeschossig, passend zur umliegenden Bebauung. Hofseitig reduziert sich die Geschossigkeit durch die Topographie bedingt auf zwei Ebenen. Der Bauk\u00f6rper ist kompakt gehalten und lediglich durch gezielte Einschnitte gegliedert. Er reagiert durch Einschnitte und Verspr\u00fcnge auf die heterogene Umgebung, wie zum Beispiel das Karl-Ferdinand-Haus oder die Pasteurstra\u00dfe. Hierdurch werden spannende Au\u00dfenr\u00e4ume unterschiedlicher Charakteristik und hoher Aufenthaltsqualit\u00e4t geschaffen.\u201c Die Juryvorsitzende Wandel spricht von einem \u201eHaus der kurzen Wege\u201c, lobt das gro\u00dfz\u00fcgige Foyer, das gleichzeitig als Aula genutzt werden k\u00f6nne sowie die Idee, die Lutherstra\u00dfe zu einer verkehrsberuhigten Zone zwischen Unterem Markt und Pasteurstra\u00dfe zu gestalten. In seiner Geschlossenheit entwickele der Entwurf \u201eeine besondere Kraft\u201c. Dem Kreistag, dem Professorin Wandel am selben Tag die Ergebnisse des Wettbewerbs erl\u00e4uterte, f\u00fcgte sie an: Besonders positiv habe die Jury die Kompaktheit des Entwurfs bewertet, der einen wirtschaftlichen Rahmen hinsichtlich Erstellung, Bau und Betrieb erm\u00f6gliche.<\/p>\t\t\t\t\t\t<\/div>\n\t\t\t\t<\/div>\n\t\t\t\t\t<\/div>\n\t\t<\/div>\n\t\t\t\t\t\t\t<\/div>\n\t\t<\/section>\n\t\t\t\t<section class=\"elementor-section elementor-top-section elementor-element elementor-element-4db2a02 elementor-section-boxed elementor-section-height-default elementor-section-height-default\" data-id=\"4db2a02\" data-element_type=\"section\">\n\t\t\t\t\t\t<div class=\"elementor-container elementor-column-gap-default\">\n\t\t\t\t\t<div class=\"elementor-column elementor-col-100 elementor-top-column elementor-element elementor-element-57f364c\" data-id=\"57f364c\" data-element_type=\"column\">\n\t\t\t<div class=\"elementor-widget-wrap elementor-element-populated\">\n\t\t\t\t\t\t\t\t<div class=\"elementor-element elementor-element-aef8756 elementor-widget elementor-widget-image\" data-id=\"aef8756\" data-element_type=\"widget\" data-widget_type=\"image.default\">\n\t\t\t\t<div class=\"elementor-widget-container\">\n\t\t\t\t\t\t\t\t\t\t\t\t<figure class=\"wp-caption\">\n\t\t\t\t\t\t\t\t\t\t<img loading=\"lazy\" decoding=\"async\" width=\"640\" height=\"261\" src=\"https:\/\/www.gemsnk.de\/wp-content\/uploads\/2020\/07\/w950_h388_x1796_y734_SZ_86229435_2015696983_RGB_190_2_1_755485bc23c39ce1c42650518f613414_1593946328_2015696983_c7352de04c-d5ac11ab7431404c.jpg\" class=\"attachment-large size-large wp-image-1549\" alt=\"\" srcset=\"https:\/\/www.gemsnk.de\/wp-content\/uploads\/2020\/07\/w950_h388_x1796_y734_SZ_86229435_2015696983_RGB_190_2_1_755485bc23c39ce1c42650518f613414_1593946328_2015696983_c7352de04c-d5ac11ab7431404c.jpg 950w, https:\/\/www.gemsnk.de\/wp-content\/uploads\/2020\/07\/w950_h388_x1796_y734_SZ_86229435_2015696983_RGB_190_2_1_755485bc23c39ce1c42650518f613414_1593946328_2015696983_c7352de04c-d5ac11ab7431404c-300x123.jpg 300w, https:\/\/www.gemsnk.de\/wp-content\/uploads\/2020\/07\/w950_h388_x1796_y734_SZ_86229435_2015696983_RGB_190_2_1_755485bc23c39ce1c42650518f613414_1593946328_2015696983_c7352de04c-d5ac11ab7431404c-768x314.jpg 768w, https:\/\/www.gemsnk.de\/wp-content\/uploads\/2020\/07\/w950_h388_x1796_y734_SZ_86229435_2015696983_RGB_190_2_1_755485bc23c39ce1c42650518f613414_1593946328_2015696983_c7352de04c-d5ac11ab7431404c-604x247.jpg 604w\" sizes=\"auto, (max-width: 640px) 100vw, 640px\" \/>\t\t\t\t\t\t\t\t\t\t\t<figcaption class=\"widget-image-caption wp-caption-text\">Die Preistr\u00e4ger und Teile der Jury des Architektenwettbewerbs Gemeinschaftsschule Neunkirchen Stadtmitte. Foto: Jasmin Alt<\/figcaption>\n\t\t\t\t\t\t\t\t\t\t<\/figure>\n\t\t\t\t\t\t\t\t\t<\/div>\n\t\t\t\t<\/div>\n\t\t\t\t\t<\/div>\n\t\t<\/div>\n\t\t\t\t\t\t\t<\/div>\n\t\t<\/section>\n\t\t\t\t<section class=\"elementor-section elementor-top-section elementor-element elementor-element-3ce84f8 elementor-section-boxed elementor-section-height-default elementor-section-height-default\" data-id=\"3ce84f8\" data-element_type=\"section\">\n\t\t\t\t\t\t<div class=\"elementor-container elementor-column-gap-default\">\n\t\t\t\t\t<div class=\"elementor-column elementor-col-100 elementor-top-column elementor-element elementor-element-35d31d4\" data-id=\"35d31d4\" data-element_type=\"column\">\n\t\t\t<div class=\"elementor-widget-wrap elementor-element-populated\">\n\t\t\t\t\t\t\t\t<div class=\"elementor-element elementor-element-74292cf elementor-widget elementor-widget-text-editor\" data-id=\"74292cf\" data-element_type=\"widget\" data-widget_type=\"text-editor.default\">\n\t\t\t\t<div class=\"elementor-widget-container\">\n\t\t\t\t\t\t\t<p>In die Entscheidung \u00fcber die preisgekr\u00f6nten Wettbewerbsbeitr\u00e4ge eingebunden war auch der kommissarische Schulleiter der Gemeinschaftsschule, Michael Klepper. Als Sachpreisrichter konnte er sich ein umfassendes Bild \u00fcber die eingereichten Beitr\u00e4ge machen. Sein Urteil: \u201eDie ersten drei w\u00fcrde ich direkt nehmen.\u201c Zwar rechne er mit einer l\u00e4ngeren Bauzeit. Aber wenn das Ziel ein neues Schulgeb\u00e4ude sei, das dann endlich ein modernes, p\u00e4dagogisches Konzept erm\u00f6gliche, k\u00f6nne man mit dieser Wartezeit leben. Sein Fazit: \u201eIm Sinne des Raums als dritter P\u00e4dagoge kann uns die neue Schule viele wichtige Impulse geben.\u201c Denn gerade Ganztagsschulen sind Lernorte und Lebensorte und werden zunehmend aktiver Bestandteil des Stadtviertels oder der Gemeinde. Was auf die neue Gemeinschaftsschule Stadtmitte dann punktgenau zutreffen w\u00fcrde.<\/p>\n<p>\u00a0<\/p>\n<p>Quelle:\u00a06. Juli 2020 um 08:51 Uhr von der Redakteurin Heike Jungmann geschrieben Saarbr\u00fccker Zeitung &#8211; <a href=\"https:\/\/www.saarbruecker-zeitung.de\/saarland\/neunkirchen\/neubau-schule-stadtmitte-neunkirchen-fuer-20-millionen-euro-geplant_aid-52036791\">zum Beitrag<\/a><\/p>\t\t\t\t\t\t<\/div>\n\t\t\t\t<\/div>\n\t\t\t\t\t<\/div>\n\t\t<\/div>\n\t\t\t\t\t\t\t<\/div>\n\t\t<\/section>\n\t\t\t\t\t\t\t<\/div>\n\t\t","protected":false},"excerpt":{"rendered":"<p>Rieseninvestition in Neunkirchen Neubau f\u00fcr knapp 20 Millionen geplant. Preistr\u00e4ger des Architektenwettbewerbs gehen von Abriss der bestehenden Geb\u00e4ude in Neunkirchen aus. Wenn eine Schule mitten in der Stadt liegt, tr\u00e4gt&hellip;<\/p>\n","protected":false},"author":1,"featured_media":1541,"comment_status":"open","ping_status":"open","sticky":false,"template":"","format":"standard","meta":{"_EventAllDay":false,"_EventTimezone":"","_EventStartDate":"","_EventEndDate":"","_EventStartDateUTC":"","_EventEndDateUTC":"","_EventShowMap":false,"_EventShowMapLink":false,"_EventURL":"","_EventCost":"","_EventCostDescription":"","_EventCurrencySymbol":"","_EventCurrencyCode":"","_EventCurrencyPosition":"","_EventDateTimeSeparator":"","_EventTimeRangeSeparator":"","_EventOrganizerID":[],"_EventVenueID":[],"_OrganizerEmail":"","_OrganizerPhone":"","_OrganizerWebsite":"","_VenueAddress":"","_VenueCity":"","_VenueCountry":"","_VenueProvince":"","_VenueState":"","_VenueZip":"","_VenuePhone":"","_VenueURL":"","_VenueStateProvince":"","_VenueLat":"","_VenueLng":"","_VenueShowMap":false,"_VenueShowMapLink":false,"footnotes":""},"categories":[7],"tags":[],"class_list":["post-1539","post","type-post","status-publish","format-standard","has-post-thumbnail","hentry","category-news"],"gutentor_comment":2,"_links":{"self":[{"href":"https:\/\/www.gemsnk.de\/index.php?rest_route=\/wp\/v2\/posts\/1539","targetHints":{"allow":["GET"]}}],"collection":[{"href":"https:\/\/www.gemsnk.de\/index.php?rest_route=\/wp\/v2\/posts"}],"about":[{"href":"https:\/\/www.gemsnk.de\/index.php?rest_route=\/wp\/v2\/types\/post"}],"author":[{"embeddable":true,"href":"https:\/\/www.gemsnk.de\/index.php?rest_route=\/wp\/v2\/users\/1"}],"replies":[{"embeddable":true,"href":"https:\/\/www.gemsnk.de\/index.php?rest_route=%2Fwp%2Fv2%2Fcomments&post=1539"}],"version-history":[{"count":8,"href":"https:\/\/www.gemsnk.de\/index.php?rest_route=\/wp\/v2\/posts\/1539\/revisions"}],"predecessor-version":[{"id":1552,"href":"https:\/\/www.gemsnk.de\/index.php?rest_route=\/wp\/v2\/posts\/1539\/revisions\/1552"}],"wp:featuredmedia":[{"embeddable":true,"href":"https:\/\/www.gemsnk.de\/index.php?rest_route=\/wp\/v2\/media\/1541"}],"wp:attachment":[{"href":"https:\/\/www.gemsnk.de\/index.php?rest_route=%2Fwp%2Fv2%2Fmedia&parent=1539"}],"wp:term":[{"taxonomy":"category","embeddable":true,"href":"https:\/\/www.gemsnk.de\/index.php?rest_route=%2Fwp%2Fv2%2Fcategories&post=1539"},{"taxonomy":"post_tag","embeddable":true,"href":"https:\/\/www.gemsnk.de\/index.php?rest_route=%2Fwp%2Fv2%2Ftags&post=1539"}],"curies":[{"name":"wp","href":"https:\/\/api.w.org\/{rel}","templated":true}]}}