{"id":1125,"date":"2020-03-14T02:16:10","date_gmt":"2020-03-14T01:16:10","guid":{"rendered":"https:\/\/www.gemsnk.de\/?p=1125"},"modified":"2020-06-19T02:17:33","modified_gmt":"2020-06-19T00:17:33","slug":"cdu-kreistagsfraktion-besuchte-unsere-gemeinschaftsschule-nk-stadtmitte","status":"publish","type":"post","link":"https:\/\/www.gemsnk.de\/?p=1125","title":{"rendered":"CDU \u2013 Kreistagsfraktion besuchte unsere Gemeinschaftsschule NK \u2013 Stadtmitte"},"content":{"rendered":"\n<p>Zu einem Informationsaustausch konnte die Schulleitung unserer Schule mit Schulleiter Michael Klepper und den beiden Konrektoren Reiner Kiefer und Sebastian Ecker am vergangenen Freitag eine Delegation der CDU \u2013 Kreistagsfraktion in unserer Schule begr\u00fc\u00dfen.<\/p>\n\n\n\n<figure class=\"wp-block-image\"><img decoding=\"async\" src=\"https:\/\/typo3.lpm.uni-sb.de\/gems_neunkirchen_stadtmitte\/fileadmin\/_processed_\/a\/9\/csm_HYWY1042_6a27b3a090.jpg\" alt=\"\"\/><\/figure>\n\n\n\n<p>Im Rahmen der \u201eCDU \u2013 Schultour\u201c nutzen die CDU \u2013 Politiker mit Fraktionschef&nbsp; Sebastian Br\u00fc\u00dfel an der Spitze die Gelegenheit, sich \u00fcber die Schulsituation in der Gemeinschaftsschule Stadtmitte zu informieren.<\/p>\n\n\n\n<p>Angesprochen wurden u.a. die Themen der r\u00e4umlich\/baulichen Situation, die p\u00e4dagogischen Herausforderungen angesichts einer sehr hohen Zahl von Kindern mit Migrationshintergrund und m\u00f6gliche Fragen der Unterst\u00fctzung seitens der Politik.<\/p>\n\n\n\n<p>Am Gedankenaustausch nahm auch Thorsten Mischo, der Leiter der Abteilung Bautechnik im Landkreis, teil und informierte die Gespr\u00e4chsrunde \u00fcber die derzeit laufenden Planungen mit einem Architektenwettbewerb zu einem m\u00f6glichen Neubau des Schulgeb\u00e4udes in der Lutherstra\u00dfe.<\/p>\n\n\n\n<p>Auch die Fragen der zeitweisen Auslagerung der Schule w\u00e4hrend der Bauphase in den kommenden Jahren war Thema des Gespr\u00e4chs.<\/p>\n\n\n\n<p>Fraktionschef Sebastian Br\u00fc\u00dfel lobte das besondere und herausragende p\u00e4dagogische Engagement der Schule und der Lehrerinnen und Lehrer, die an der Schule unterrichten. Die Schule sei keine \u201eBrennpunktschule\u201c, sondern eine Schule in einem schwierigen Umfeld, die besondere Anerkennung seitens der Politik verdiene.<\/p>\n\n\n\n<p>Er sicherte seitens der CDU \u2013 Kreistagsfraktion die volle Unterst\u00fctzung bei der Umsetzung eines m\u00f6glichen Bauprojektes \u201eSchulneubau Lutherschule\u201c zu mit dem klaren Ziel, durch einen Schulneubau in der Lutherstra\u00dfe ein echtes \u201eSchulzentrum\u201c mit bestm\u00f6glicher Ausstattung in der Innenstadt von Neunkirchen neu zu schaffen. (rk)<\/p>\n","protected":false},"excerpt":{"rendered":"<p>Zu einem Informationsaustausch konnte die Schulleitung unserer Schule mit Schulleiter Michael Klepper und den beiden Konrektoren Reiner Kiefer und Sebastian Ecker am vergangenen Freitag eine Delegation der CDU \u2013 Kreistagsfraktion&hellip;<\/p>\n","protected":false},"author":1,"featured_media":1122,"comment_status":"open","ping_status":"open","sticky":false,"template":"","format":"standard","meta":{"_EventAllDay":false,"_EventTimezone":"","_EventStartDate":"","_EventEndDate":"","_EventStartDateUTC":"","_EventEndDateUTC":"","_EventShowMap":false,"_EventShowMapLink":false,"_EventURL":"","_EventCost":"","_EventCostDescription":"","_EventCurrencySymbol":"","_EventCurrencyCode":"","_EventCurrencyPosition":"","_EventDateTimeSeparator":"","_EventTimeRangeSeparator":"","_EventOrganizerID":[],"_EventVenueID":[],"_OrganizerEmail":"","_OrganizerPhone":"","_OrganizerWebsite":"","_VenueAddress":"","_VenueCity":"","_VenueCountry":"","_VenueProvince":"","_VenueState":"","_VenueZip":"","_VenuePhone":"","_VenueURL":"","_VenueStateProvince":"","_VenueLat":"","_VenueLng":"","_VenueShowMap":false,"_VenueShowMapLink":false,"footnotes":""},"categories":[7],"tags":[],"class_list":["post-1125","post","type-post","status-publish","format-standard","has-post-thumbnail","hentry","category-news"],"gutentor_comment":1,"_links":{"self":[{"href":"https:\/\/www.gemsnk.de\/index.php?rest_route=\/wp\/v2\/posts\/1125","targetHints":{"allow":["GET"]}}],"collection":[{"href":"https:\/\/www.gemsnk.de\/index.php?rest_route=\/wp\/v2\/posts"}],"about":[{"href":"https:\/\/www.gemsnk.de\/index.php?rest_route=\/wp\/v2\/types\/post"}],"author":[{"embeddable":true,"href":"https:\/\/www.gemsnk.de\/index.php?rest_route=\/wp\/v2\/users\/1"}],"replies":[{"embeddable":true,"href":"https:\/\/www.gemsnk.de\/index.php?rest_route=%2Fwp%2Fv2%2Fcomments&post=1125"}],"version-history":[{"count":1,"href":"https:\/\/www.gemsnk.de\/index.php?rest_route=\/wp\/v2\/posts\/1125\/revisions"}],"predecessor-version":[{"id":1126,"href":"https:\/\/www.gemsnk.de\/index.php?rest_route=\/wp\/v2\/posts\/1125\/revisions\/1126"}],"wp:featuredmedia":[{"embeddable":true,"href":"https:\/\/www.gemsnk.de\/index.php?rest_route=\/wp\/v2\/media\/1122"}],"wp:attachment":[{"href":"https:\/\/www.gemsnk.de\/index.php?rest_route=%2Fwp%2Fv2%2Fmedia&parent=1125"}],"wp:term":[{"taxonomy":"category","embeddable":true,"href":"https:\/\/www.gemsnk.de\/index.php?rest_route=%2Fwp%2Fv2%2Fcategories&post=1125"},{"taxonomy":"post_tag","embeddable":true,"href":"https:\/\/www.gemsnk.de\/index.php?rest_route=%2Fwp%2Fv2%2Ftags&post=1125"}],"curies":[{"name":"wp","href":"https:\/\/api.w.org\/{rel}","templated":true}]}}